{"id":211995,"date":"2022-04-20T10:23:00","date_gmt":"2022-04-20T15:23:00","guid":{"rendered":"https:\/\/plazajuarez.mx\/?p=211995"},"modified":"2022-04-20T13:29:17","modified_gmt":"2022-04-20T18:29:17","slug":"cambista-arribista","status":"publish","type":"post","link":"https:\/\/plazajuarez.mx\/historico\/cambista-arribista\/","title":{"rendered":"Cambista arribista"},"content":{"rendered":"\n<h2 class=\"wp-block-heading\">CINE DE MA\u00d1ANA<\/h2>\n\n\n\n<p>Al inicio de As\u00ed habl\u00f3 el cambista la coproducci\u00f3n uruguayo-argentina-alemana de Federico Veiroj que forma parte de la LXXI Muestra Internacional de Cine, vemos a Jesucristo arrojando del templo a los cambistas al considerarlos personas sin escr\u00fapulos desde entonces.<\/p>\n\n\n\n<p>La novela de Juan Gruber en la que se basa la cinta muestra que eso no ha cambiado, contando la historia del ambicioso arribista Humberto Brause (Daniel Hendler), quien entra a trabajar con el afamado se\u00f1or Schweinsteiger (Luis Mach\u00edn) y no conforme con aprender todos los gajes del oficio. se casa con su bella hija Gudrun (Dolores Fonzi).<\/p>\n\n\n\n<p>Sin los escr\u00fapulos de su suegro, pronto se ve inmiscuido en negocios ilegales con pol\u00edticos corruptos, que lo llevar\u00e1n un corto tiempo a la c\u00e1rcel.<\/p>\n\n\n\n<p>Pero eso servir\u00e1 para incrementar su fama que trascender\u00e1 fronteras y que lo llevar\u00e1 que lo busquen oportunistas argentinos y brasile\u00f1os que lo llevar\u00e1n incluso al crimen.<\/p>\n\n\n\n<p>El director de Acn\u00e9 y El apostata cambia su estilo minimalista por una narraci\u00f3n m\u00e1s cl\u00e1sica, auxiliado por un sobrio Hendler a quien acabamos de ver en El pr\u00f3fugo.<\/p>\n\n\n\n<p>As\u00ed habl\u00f3 el cambista resulta pues el puntual ascenso de un hombre que se dej\u00f3 arrastrar por la corrupci\u00f3n, y que termina por ser esclavo de la misma. La cinta obtuvo el premio al mejor gui\u00f3n adaptado por la Academia Argentina.<\/p>\n","protected":false},"excerpt":{"rendered":"<p>CINE DE MA\u00d1ANA Al inicio de As\u00ed habl\u00f3 el cambista la coproducci\u00f3n uruguayo-argentina-alemana de Federico Veiroj que forma parte de la LXXI Muestra Internacional de Cine, vemos a Jesucristo arrojando del templo a los cambistas al considerarlos personas sin escr\u00fapulos desde entonces. La novela de Juan Gruber en la que se basa la cinta muestra [&hellip;]<\/p>\n","protected":false},"author":96,"featured_media":212001,"comment_status":"closed","ping_status":"closed","sticky":false,"template":"","format":"standard","meta":{"footnotes":""},"categories":[41,54,42],"tags":[],"class_list":["post-211995","post","type-post","status-publish","format-standard","has-post-thumbnail","hentry","category-arteria-cultural","category-jorge-carrasco","category-nuestrapalabra"],"_links":{"self":[{"href":"https:\/\/plazajuarez.mx\/historico\/wp-json\/wp\/v2\/posts\/211995","targetHints":{"allow":["GET"]}}],"collection":[{"href":"https:\/\/plazajuarez.mx\/historico\/wp-json\/wp\/v2\/posts"}],"about":[{"href":"https:\/\/plazajuarez.mx\/historico\/wp-json\/wp\/v2\/types\/post"}],"author":[{"embeddable":true,"href":"https:\/\/plazajuarez.mx\/historico\/wp-json\/wp\/v2\/users\/96"}],"replies":[{"embeddable":true,"href":"https:\/\/plazajuarez.mx\/historico\/wp-json\/wp\/v2\/comments?post=211995"}],"version-history":[{"count":0,"href":"https:\/\/plazajuarez.mx\/historico\/wp-json\/wp\/v2\/posts\/211995\/revisions"}],"wp:featuredmedia":[{"embeddable":true,"href":"https:\/\/plazajuarez.mx\/historico\/wp-json\/wp\/v2\/media\/212001"}],"wp:attachment":[{"href":"https:\/\/plazajuarez.mx\/historico\/wp-json\/wp\/v2\/media?parent=211995"}],"wp:term":[{"taxonomy":"category","embeddable":true,"href":"https:\/\/plazajuarez.mx\/historico\/wp-json\/wp\/v2\/categories?post=211995"},{"taxonomy":"post_tag","embeddable":true,"href":"https:\/\/plazajuarez.mx\/historico\/wp-json\/wp\/v2\/tags?post=211995"}],"curies":[{"name":"wp","href":"https:\/\/api.w.org\/{rel}","templated":true}]}}