{"id":211987,"date":"2022-04-20T10:19:00","date_gmt":"2022-04-20T15:19:00","guid":{"rendered":"https:\/\/plazajuarez.mx\/?p=211987"},"modified":"2022-04-20T13:22:15","modified_gmt":"2022-04-20T18:22:15","slug":"lo-vinculan-a-proceso-por-cometer-abuso-sexual-agravado","status":"publish","type":"post","link":"https:\/\/plazajuarez.mx\/historico\/lo-vinculan-a-proceso-por-cometer-abuso-sexual-agravado\/","title":{"rendered":"Lo vinculan a proceso por cometer abuso sexual agravado"},"content":{"rendered":"\n<p>Por aprovechamiento sexual agravado, una persona fue vinculada a proceso por un juez de control, luego que el Ministerio P\u00fablico adscrito a la Subprocuradur\u00eda de delitos de g\u00e9nero, desaparici\u00f3n de personas e impacto social aport\u00f3 datos de prueba que acreditaron su probable responsabilidad.<\/p>\n\n\n\n<p>Los hechos que fueron materia de imputaci\u00f3n contra la persona identificada como Daniel \u201cN\u201d, ocurrieron en Tula de Allende, en septiembre del 2021, cuando una persona fue atacada sexualmente en dos ocasiones.<\/p>\n\n\n\n<p>Al tener conocimiento de lo ocurrido a trav\u00e9s de denuncia realizada ante la Fiscal\u00eda de delitos sexuales y contra la familia, la Procuradur\u00eda General de Justicia del Estado de Hidalgo (PGJEH), inici\u00f3 la carpeta de investigaci\u00f3n correspondiente.<\/p>\n","protected":false},"excerpt":{"rendered":"<p>Por aprovechamiento sexual agravado, una persona fue vinculada a proceso por un juez de control, luego que el Ministerio P\u00fablico adscrito a la Subprocuradur\u00eda de delitos de g\u00e9nero, desaparici\u00f3n de personas e impacto social aport\u00f3 datos de prueba que acreditaron su probable responsabilidad. Los hechos que fueron materia de imputaci\u00f3n contra la persona identificada como [&hellip;]<\/p>\n","protected":false},"author":93,"featured_media":211990,"comment_status":"closed","ping_status":"closed","sticky":false,"template":"","format":"standard","meta":{"footnotes":""},"categories":[37],"tags":[],"class_list":["post-211987","post","type-post","status-publish","format-standard","has-post-thumbnail","hentry","category-barandilla"],"_links":{"self":[{"href":"https:\/\/plazajuarez.mx\/historico\/wp-json\/wp\/v2\/posts\/211987","targetHints":{"allow":["GET"]}}],"collection":[{"href":"https:\/\/plazajuarez.mx\/historico\/wp-json\/wp\/v2\/posts"}],"about":[{"href":"https:\/\/plazajuarez.mx\/historico\/wp-json\/wp\/v2\/types\/post"}],"author":[{"embeddable":true,"href":"https:\/\/plazajuarez.mx\/historico\/wp-json\/wp\/v2\/users\/93"}],"replies":[{"embeddable":true,"href":"https:\/\/plazajuarez.mx\/historico\/wp-json\/wp\/v2\/comments?post=211987"}],"version-history":[{"count":0,"href":"https:\/\/plazajuarez.mx\/historico\/wp-json\/wp\/v2\/posts\/211987\/revisions"}],"wp:featuredmedia":[{"embeddable":true,"href":"https:\/\/plazajuarez.mx\/historico\/wp-json\/wp\/v2\/media\/211990"}],"wp:attachment":[{"href":"https:\/\/plazajuarez.mx\/historico\/wp-json\/wp\/v2\/media?parent=211987"}],"wp:term":[{"taxonomy":"category","embeddable":true,"href":"https:\/\/plazajuarez.mx\/historico\/wp-json\/wp\/v2\/categories?post=211987"},{"taxonomy":"post_tag","embeddable":true,"href":"https:\/\/plazajuarez.mx\/historico\/wp-json\/wp\/v2\/tags?post=211987"}],"curies":[{"name":"wp","href":"https:\/\/api.w.org\/{rel}","templated":true}]}}