{"id":211983,"date":"2022-04-20T10:18:09","date_gmt":"2022-04-20T15:18:09","guid":{"rendered":"https:\/\/plazajuarez.mx\/?p=211983"},"modified":"2022-04-20T13:20:16","modified_gmt":"2022-04-20T18:20:16","slug":"rusia-anuncia-la-segunda-fase-de-su-guerra-para-liberar-el-donbas","status":"publish","type":"post","link":"https:\/\/plazajuarez.mx\/historico\/rusia-anuncia-la-segunda-fase-de-su-guerra-para-liberar-el-donbas\/","title":{"rendered":"Rusia anuncia la segunda fase de su guerra para liberar el Donb\u00e1s"},"content":{"rendered":"\n<p>Rusia anunci\u00f3 este martes la segunda fase de su guerra en Ucrania, centrada en la &#8220;liberaci\u00f3n completa&#8221; del Donb\u00e1s prorruso, en el este del pa\u00eds, una operaci\u00f3n que incluye el asalto final a la acer\u00eda de Azovstal, en Mari\u00fapol, \u00faltimo reducto de la resistencia ucraniana en la estrat\u00e9gica ciudad portuaria.<\/p>\n\n\n\n<p>&#8220;La operaci\u00f3n en el este de Ucrania tiene como objetivo, como ya se anunci\u00f3, la liberaci\u00f3n completa de las rep\u00fablicas de Donetsk y Lugansk. Esta operaci\u00f3n continuar\u00e1, la siguiente fase de esta operaci\u00f3n especial est\u00e1 comenzando&#8221;, dijo este martes el ministro ruso de Exteriores, Sergu\u00e9i Lavrov.<\/p>\n\n\n\n<p>Para Ucrania la gran ofensiva rusa por el Donb\u00e1s comenz\u00f3 ya el lunes, tal y como se\u00f1alaron por la ma\u00f1ana el gobernador regional de Lugansk, Serhiy Gaidai, y poco antes de la medianoche el presidente ucraniano, Volod\u00edmir Zelenski.<\/p>\n\n\n\n<p><strong>TRES SEMANAS PARA REAGRUPARSE<\/strong><\/p>\n\n\n\n<p>Rusia ha necesitado todo este tiempo para reagrupar sus fuerzas y enviar nuevos grupos t\u00e1cticos de batall\u00f3n al este ucraniano -y tambi\u00e9n al sur- as\u00ed como equipamiento de artiller\u00eda, apoyo a\u00e9reo y sistemas de mando y control.<\/p>\n\n\n\n<p>&#8220;Nos defenderemos. Pelearemos. No entregaremos nada de Ucrania&#8221;, dijo Zelenski, quien propuso hoy a la Rada Suprema (Parlamento) prolongar un mes la ley marcial, hasta el 25 de mayo.<\/p>\n\n\n\n<p><strong>UN NUEVO ULTIM\u00c1TUM<\/strong><\/p>\n\n\n\n<p>Antes del anunciado asalto final, Rusia dio a los &#8220;batallones nacionalistas&#8221; del regimiento de Azov y a los supuestos mercenarios dos horas para rendirse, &#8220;teniendo en cuenta la situaci\u00f3n catastr\u00f3fica que se ha producido en la planta metal\u00fargica, adem\u00e1s de guiarse por principios puramente humanitarios&#8221;.<\/p>\n\n\n\n<p>&#8220;A todos los que depongan las armas se les garantiza la conservaci\u00f3n de la vida&#8221;, afirm\u00f3 el jefe del Centro de Control de Defensa Nacional de la Federaci\u00f3n Rusa, coronel general Mija\u00edl Miz\u00edntsev, quien consider\u00f3 &#8220;informaci\u00f3n falsa&#8221; diseminada por Kiev que haya civiles en la f\u00e1brica.<\/p>\n","protected":false},"excerpt":{"rendered":"<p>Rusia anunci\u00f3 este martes la segunda fase de su guerra en Ucrania, centrada en la &#8220;liberaci\u00f3n completa&#8221; del Donb\u00e1s prorruso, en el este del pa\u00eds, una operaci\u00f3n que incluye el asalto final a la acer\u00eda de Azovstal, en Mari\u00fapol, \u00faltimo reducto de la resistencia ucraniana en la estrat\u00e9gica ciudad portuaria. &#8220;La operaci\u00f3n en el este [&hellip;]<\/p>\n","protected":false},"author":80,"featured_media":211985,"comment_status":"closed","ping_status":"closed","sticky":false,"template":"","format":"standard","meta":{"footnotes":""},"categories":[31],"tags":[],"class_list":["post-211983","post","type-post","status-publish","format-standard","has-post-thumbnail","hentry","category-orbe"],"_links":{"self":[{"href":"https:\/\/plazajuarez.mx\/historico\/wp-json\/wp\/v2\/posts\/211983","targetHints":{"allow":["GET"]}}],"collection":[{"href":"https:\/\/plazajuarez.mx\/historico\/wp-json\/wp\/v2\/posts"}],"about":[{"href":"https:\/\/plazajuarez.mx\/historico\/wp-json\/wp\/v2\/types\/post"}],"author":[{"embeddable":true,"href":"https:\/\/plazajuarez.mx\/historico\/wp-json\/wp\/v2\/users\/80"}],"replies":[{"embeddable":true,"href":"https:\/\/plazajuarez.mx\/historico\/wp-json\/wp\/v2\/comments?post=211983"}],"version-history":[{"count":0,"href":"https:\/\/plazajuarez.mx\/historico\/wp-json\/wp\/v2\/posts\/211983\/revisions"}],"wp:featuredmedia":[{"embeddable":true,"href":"https:\/\/plazajuarez.mx\/historico\/wp-json\/wp\/v2\/media\/211985"}],"wp:attachment":[{"href":"https:\/\/plazajuarez.mx\/historico\/wp-json\/wp\/v2\/media?parent=211983"}],"wp:term":[{"taxonomy":"category","embeddable":true,"href":"https:\/\/plazajuarez.mx\/historico\/wp-json\/wp\/v2\/categories?post=211983"},{"taxonomy":"post_tag","embeddable":true,"href":"https:\/\/plazajuarez.mx\/historico\/wp-json\/wp\/v2\/tags?post=211983"}],"curies":[{"name":"wp","href":"https:\/\/api.w.org\/{rel}","templated":true}]}}