{"id":211965,"date":"2022-04-20T09:04:31","date_gmt":"2022-04-20T14:04:31","guid":{"rendered":"https:\/\/plazajuarez.mx\/?p=211965"},"modified":"2022-04-20T09:04:42","modified_gmt":"2022-04-20T14:04:42","slug":"ahora-en-ixmiquilpan-buscan-a-trabajadores-agricolas-para-eu","status":"publish","type":"post","link":"https:\/\/plazajuarez.mx\/historico\/ahora-en-ixmiquilpan-buscan-a-trabajadores-agricolas-para-eu\/","title":{"rendered":"Ahora en Ixmiquilpan buscan a trabajadores agr\u00edcolas para EU"},"content":{"rendered":"\n<p>Ixmiquilpan.- Ahora es Ixmiquilpan,\u00a0 donde la Academia Mexicana de Capacitaci\u00f3n Agr\u00edcola, ha comenzado a captar a trabajadores agr\u00edcolas interesados en obtener una visa laboral en los Estados Unidos.<\/p>\n\n\n\n<p>Esta organizaci\u00f3n, fue cuestionada en El Cardonal, debido a que el grupo de trabajadores agr\u00edcolas que se inscribieron, fueron enviados a dos Campos de cultivo en los estados de Jalisco y en Guanajuato, sin prestaciones laborales ni seguridad social.&nbsp;<\/p>\n\n\n\n<p>A trav\u00e9s de un comunicado de prensa, la alcald\u00eda de Ixmiquilpan dio a conocer la convocatoria, la cual est\u00e1 dirigida exclusivamente para hombres, quienes deben contar con pasaporte vigente, de 20 a 40 a\u00f1os de edad y sin antecedentes penales.&nbsp;<\/p>\n\n\n\n<p>Esta misma empresa, recibi\u00f3 a m\u00e1s de 270 trabajadores de El Cardonal, quienes fueron enviados a&nbsp; campos de cultivo a realizar una capacitaci\u00f3n que tendr\u00e1 una duraci\u00f3n de siete meses para poder ser candidatos a obtener su visa laboral.&nbsp;<\/p>\n\n\n\n<p>Los trabajadores que califiquen para obtener la visa laboral, ser\u00e1n primeros sometidos a una capacitaci\u00f3n con un sueldo de poco m\u00e1s de cuatro mil pesos mensuales, al cabo de siete meses se procede con los tr\u00e1mites de visas para quienes sean enviados a campos&nbsp; de cultivo en los Estados Unidos.<\/p>\n","protected":false},"excerpt":{"rendered":"<p>Ixmiquilpan.- Ahora es Ixmiquilpan,\u00a0 donde la Academia Mexicana de Capacitaci\u00f3n Agr\u00edcola, ha comenzado a captar a trabajadores agr\u00edcolas interesados en obtener una visa laboral en los Estados Unidos. Esta organizaci\u00f3n, fue cuestionada en El Cardonal, debido a que el grupo de trabajadores agr\u00edcolas que se inscribieron, fueron enviados a dos Campos de cultivo en los [&hellip;]<\/p>\n","protected":false},"author":75,"featured_media":211966,"comment_status":"closed","ping_status":"closed","sticky":false,"template":"","format":"standard","meta":{"footnotes":""},"categories":[2159,40],"tags":[],"class_list":["post-211965","post","type-post","status-publish","format-standard","has-post-thumbnail","hentry","category-noticias-de-hidalgo","category-region"],"_links":{"self":[{"href":"https:\/\/plazajuarez.mx\/historico\/wp-json\/wp\/v2\/posts\/211965","targetHints":{"allow":["GET"]}}],"collection":[{"href":"https:\/\/plazajuarez.mx\/historico\/wp-json\/wp\/v2\/posts"}],"about":[{"href":"https:\/\/plazajuarez.mx\/historico\/wp-json\/wp\/v2\/types\/post"}],"author":[{"embeddable":true,"href":"https:\/\/plazajuarez.mx\/historico\/wp-json\/wp\/v2\/users\/75"}],"replies":[{"embeddable":true,"href":"https:\/\/plazajuarez.mx\/historico\/wp-json\/wp\/v2\/comments?post=211965"}],"version-history":[{"count":0,"href":"https:\/\/plazajuarez.mx\/historico\/wp-json\/wp\/v2\/posts\/211965\/revisions"}],"wp:featuredmedia":[{"embeddable":true,"href":"https:\/\/plazajuarez.mx\/historico\/wp-json\/wp\/v2\/media\/211966"}],"wp:attachment":[{"href":"https:\/\/plazajuarez.mx\/historico\/wp-json\/wp\/v2\/media?parent=211965"}],"wp:term":[{"taxonomy":"category","embeddable":true,"href":"https:\/\/plazajuarez.mx\/historico\/wp-json\/wp\/v2\/categories?post=211965"},{"taxonomy":"post_tag","embeddable":true,"href":"https:\/\/plazajuarez.mx\/historico\/wp-json\/wp\/v2\/tags?post=211965"}],"curies":[{"name":"wp","href":"https:\/\/api.w.org\/{rel}","templated":true}]}}