{"id":211962,"date":"2022-04-20T09:03:10","date_gmt":"2022-04-20T14:03:10","guid":{"rendered":"https:\/\/plazajuarez.mx\/?p=211962"},"modified":"2022-04-20T09:03:29","modified_gmt":"2022-04-20T14:03:29","slug":"denuncian-a-alcaldesa-de-nicolas-flores-debera-suspender-obra","status":"publish","type":"post","link":"https:\/\/plazajuarez.mx\/historico\/denuncian-a-alcaldesa-de-nicolas-flores-debera-suspender-obra\/","title":{"rendered":"Denuncian a alcaldesa de Nicol\u00e1s Flores; deber\u00e1 suspender obra\u00a0"},"content":{"rendered":"\n<p>Nicol\u00e1s Flores.- La presidenta municipal de Nicol\u00e1s Flores, Marcela Isidro Garc\u00eda, fue denunciada tras ordenar el inicio de una obra de ampliaci\u00f3n el\u00e9ctrica en la comunidad de Villa Ju\u00e1rez, dentro de los bienes comunales sin la autorizaci\u00f3n de los comuneros y comisariados.\u00a0<\/p>\n\n\n\n<p>En febrero de este a\u00f1o, se anunci\u00f3 la obra, pero la comisar\u00eda comunal, pidi\u00f3 el expediente t\u00e9cnico para conocer los alcances de la obra, adem\u00e1s que para ello se deb\u00edan derribar varios \u00e1rboles que forman parte del \u00e1rea protegida de Los M\u00e1rmoles.&nbsp;<\/p>\n\n\n\n<p>La presidencia hizo caso omiso y comenz\u00f3 con los trabajos, por lo que se procedi\u00f3 legalmente y una juez de distrito en Hidalgo, del Poder Judicial de la Federaci\u00f3n, orden\u00f3 al municipio detener la obra de ampliaci\u00f3n el\u00e9ctrica.&nbsp;<\/p>\n\n\n\n<p>Sin embargo, en su defensa, la alcaldesa ha negado ante la autoridad federal, que se est\u00e9 interviniendo ilegalmente en la comunidad y rechaz\u00f3 que se est\u00e9 construyendo la obra que los comuneros han denunciado.Documentos en poder de <em>Diario Plaza Ju\u00e1rez<\/em>, documentan el proceso legal que se ha seguido contra la presidenta municipal, asimismo obras p\u00fablicas del municipio y la Comisi\u00f3n Federal de Electricidad (CFE). Hasta el momento, el clima social dentro del n\u00facleo agregar\u00eda y de la misma comunidad, se encuentran tranquilos, sin embargo, la inconformidad es por la intervenci\u00f3n del municipio sin antes haber establecido una mesa de di\u00e1logo o negociaci\u00f3n.<\/p>\n","protected":false},"excerpt":{"rendered":"<p>Nicol\u00e1s Flores.- La presidenta municipal de Nicol\u00e1s Flores, Marcela Isidro Garc\u00eda, fue denunciada tras ordenar el inicio de una obra de ampliaci\u00f3n el\u00e9ctrica en la comunidad de Villa Ju\u00e1rez, dentro de los bienes comunales sin la autorizaci\u00f3n de los comuneros y comisariados.\u00a0 En febrero de este a\u00f1o, se anunci\u00f3 la obra, pero la comisar\u00eda comunal, [&hellip;]<\/p>\n","protected":false},"author":75,"featured_media":211963,"comment_status":"closed","ping_status":"closed","sticky":false,"template":"","format":"standard","meta":{"footnotes":""},"categories":[40],"tags":[],"class_list":["post-211962","post","type-post","status-publish","format-standard","has-post-thumbnail","hentry","category-region"],"_links":{"self":[{"href":"https:\/\/plazajuarez.mx\/historico\/wp-json\/wp\/v2\/posts\/211962","targetHints":{"allow":["GET"]}}],"collection":[{"href":"https:\/\/plazajuarez.mx\/historico\/wp-json\/wp\/v2\/posts"}],"about":[{"href":"https:\/\/plazajuarez.mx\/historico\/wp-json\/wp\/v2\/types\/post"}],"author":[{"embeddable":true,"href":"https:\/\/plazajuarez.mx\/historico\/wp-json\/wp\/v2\/users\/75"}],"replies":[{"embeddable":true,"href":"https:\/\/plazajuarez.mx\/historico\/wp-json\/wp\/v2\/comments?post=211962"}],"version-history":[{"count":0,"href":"https:\/\/plazajuarez.mx\/historico\/wp-json\/wp\/v2\/posts\/211962\/revisions"}],"wp:featuredmedia":[{"embeddable":true,"href":"https:\/\/plazajuarez.mx\/historico\/wp-json\/wp\/v2\/media\/211963"}],"wp:attachment":[{"href":"https:\/\/plazajuarez.mx\/historico\/wp-json\/wp\/v2\/media?parent=211962"}],"wp:term":[{"taxonomy":"category","embeddable":true,"href":"https:\/\/plazajuarez.mx\/historico\/wp-json\/wp\/v2\/categories?post=211962"},{"taxonomy":"post_tag","embeddable":true,"href":"https:\/\/plazajuarez.mx\/historico\/wp-json\/wp\/v2\/tags?post=211962"}],"curies":[{"name":"wp","href":"https:\/\/api.w.org\/{rel}","templated":true}]}}