{"id":211946,"date":"2022-04-20T08:51:49","date_gmt":"2022-04-20T13:51:49","guid":{"rendered":"https:\/\/plazajuarez.mx\/?p=211946"},"modified":"2022-04-20T08:52:00","modified_gmt":"2022-04-20T13:52:00","slug":"alemania-presente-en-el-festival-internacional-de-la-imagen","status":"publish","type":"post","link":"https:\/\/plazajuarez.mx\/historico\/alemania-presente-en-el-festival-internacional-de-la-imagen\/","title":{"rendered":"Alemania presente en el Festival Internacional de la Imagen"},"content":{"rendered":"\n<p>Alemania ser\u00e1 el pa\u00eds invitado de honor del Festival Internacional de la Imagen (FINI) 2022, organizado por la Universidad Aut\u00f3noma del Estado de Hidalgo (UAEH), por lo que este pa\u00eds tendr\u00e1 diferentes actividades del 22 al 29 de abril que se realice el Festival.&nbsp;<\/p>\n\n\n\n<p>Entre ellas est\u00e1 un ciclo de siete largometrajes, una conferencia magistral impartida por el geoec\u00f3logo Tillmann Buttschardt; una charla a cargo de Isabel Rojas L\u00f3pez del Servicio Internacional de Intercambio Acad\u00e9mico, quien expondr\u00e1 becas y programas para que estudiantes puedan participar; y la exposici\u00f3n \u201cWalter Reuter: viajero por la libertad\u201d que se realizar\u00e1 en el Museo Casa Grande de Real del Monte.<\/p>\n\n\n\n<p>Al respecto, Michael Schultheb, consejero de asuntos cient\u00edficos y econ\u00f3micos de la Embajada de la Rep\u00fablica Federal de Alemania, se\u00f1al\u00f3: \u201cConsideramos al FINI como encuentro multidisciplinario para promover, difundir y apreciar la creaci\u00f3n art\u00edstica y comunicaci\u00f3n visual en un espacio de reflexi\u00f3n\u201d. Adem\u00e1s de puntualizar la tem\u00e1tica del cambio clim\u00e1tico como de gran relevancia por lo que se est\u00e1 viviendo en la actualidad.&nbsp;La pel\u00edcula que abrir\u00e1 el ciclo de largometrajes ser\u00e1 \u201cSputnik\u201d,&nbsp; dirigida y escrita por Markus Dietrich, se proyectar\u00e1 el 23 de abril en la Sala \u201cDr. J. Pilar Licona Olvera\u201d del Centro Cultural Universitario \u201cLa Garza\u201d. Y el 24, se presentar\u00e1 \u201cPettson &amp; Findus\u201d.<\/p>\n","protected":false},"excerpt":{"rendered":"<p>Alemania ser\u00e1 el pa\u00eds invitado de honor del Festival Internacional de la Imagen (FINI) 2022, organizado por la Universidad Aut\u00f3noma del Estado de Hidalgo (UAEH), por lo que este pa\u00eds tendr\u00e1 diferentes actividades del 22 al 29 de abril que se realice el Festival.&nbsp; Entre ellas est\u00e1 un ciclo de siete largometrajes, una conferencia magistral [&hellip;]<\/p>\n","protected":false},"author":93,"featured_media":211947,"comment_status":"closed","ping_status":"closed","sticky":false,"template":"","format":"standard","meta":{"footnotes":""},"categories":[59,2159],"tags":[],"class_list":["post-211946","post","type-post","status-publish","format-standard","has-post-thumbnail","hentry","category-general","category-noticias-de-hidalgo"],"_links":{"self":[{"href":"https:\/\/plazajuarez.mx\/historico\/wp-json\/wp\/v2\/posts\/211946","targetHints":{"allow":["GET"]}}],"collection":[{"href":"https:\/\/plazajuarez.mx\/historico\/wp-json\/wp\/v2\/posts"}],"about":[{"href":"https:\/\/plazajuarez.mx\/historico\/wp-json\/wp\/v2\/types\/post"}],"author":[{"embeddable":true,"href":"https:\/\/plazajuarez.mx\/historico\/wp-json\/wp\/v2\/users\/93"}],"replies":[{"embeddable":true,"href":"https:\/\/plazajuarez.mx\/historico\/wp-json\/wp\/v2\/comments?post=211946"}],"version-history":[{"count":0,"href":"https:\/\/plazajuarez.mx\/historico\/wp-json\/wp\/v2\/posts\/211946\/revisions"}],"wp:featuredmedia":[{"embeddable":true,"href":"https:\/\/plazajuarez.mx\/historico\/wp-json\/wp\/v2\/media\/211947"}],"wp:attachment":[{"href":"https:\/\/plazajuarez.mx\/historico\/wp-json\/wp\/v2\/media?parent=211946"}],"wp:term":[{"taxonomy":"category","embeddable":true,"href":"https:\/\/plazajuarez.mx\/historico\/wp-json\/wp\/v2\/categories?post=211946"},{"taxonomy":"post_tag","embeddable":true,"href":"https:\/\/plazajuarez.mx\/historico\/wp-json\/wp\/v2\/tags?post=211946"}],"curies":[{"name":"wp","href":"https:\/\/api.w.org\/{rel}","templated":true}]}}