{"id":211911,"date":"2022-04-19T16:10:51","date_gmt":"2022-04-19T21:10:51","guid":{"rendered":"https:\/\/plazajuarez.mx\/?p=211911"},"modified":"2022-04-19T16:11:02","modified_gmt":"2022-04-19T21:11:02","slug":"quieren-hacer-historia-pero-estan-haciendo-historietas-julio-valera","status":"publish","type":"post","link":"https:\/\/plazajuarez.mx\/historico\/quieren-hacer-historia-pero-estan-haciendo-historietas-julio-valera\/","title":{"rendered":"Quieren hacer historia, pero est\u00e1n haciendo historietas: Julio Valera"},"content":{"rendered":"\n<p>EL diputado Julio Valera Piedras, coordinador del grupo legislativo del PRI en el Congreso, respondi\u00f3 el posicionamiento de Morena sobre la no aprobaci\u00f3n de la Reforma El\u00e9ctrica en la c\u00e1mara de diputados del Congreso de la Uni\u00f3n.&nbsp;<\/p>\n\n\n\n<p>Valera Piedras expuso que&nbsp; \u201ccon lo que sucedi\u00f3 el domingo nos debe quedar claro que el Poder Legislativo, es eso, \u201cUN PODER\u201d para mantener el equilibrio, y NUNCA un empleado del poder, ni mucho menos solo una oficial\u00eda de partes. Ah\u00ed, como en este recinto, se construyen las leyes, se discuten y se analizan\u201d.<\/p>\n\n\n\n<p>Es inadmisible pensar que no se le puede mover ni una coma a una propuesta que debe discutirse en el seno del poder legislativo. Guste o no, la C\u00e1mara de Diputados del Congreso de la Uni\u00f3n refleja el M\u00e9xico plural en el que vivimos, ese M\u00e9xico donde cabemos todas y todos, donde todos podemos opinar y lo mas relevante DONDE DECIDIMOS TODOS y el domingo con contundencia decidimos: NO A REFORMAS que lastimen, que dividan, que avasallen.<\/p>\n\n\n\n<p>La propuesta as\u00ed como estaba, afectaba principalmente a los peque\u00f1os consumidores como son los hogares y los negocios. Pagar la luz ser\u00eda 27 por ciento m\u00e1s caro. La luz en M\u00e9xico ser\u00eda insuficiente. La mitad del pa\u00eds sufrir\u00eda por los apagones constantes que ya ten\u00edamos, porque no hay la capacidad de generar la energ\u00eda que se necesita, y debe ser nuestra visi\u00f3n modernizar nuestra capacidad con base en lo que sucede en el mundo, no con miop\u00eda pol\u00edtica.<\/p>\n\n\n\n<p>Por eso 223 votos fueron en contra, y no les alcanz\u00f3 para tener los 334 votos a favor que indica la ley para lograr una reforma constitucional. Nuestra Carta Magna fue defendida por la sensatez, en el marco de la democracia y con un alto a la imposici\u00f3n. Celebremos lo que logramos todas y todos.<\/p>\n\n\n\n<p>No se alcanzaron porque no se puede aprobar una reforma que no incluya la visi\u00f3n de todas las fuerzas pol\u00edticas. El dictamen no incluy\u00f3 ninguno de los 12 puntos de la propuesta de \u201cVa por M\u00e9xico\u201d. Pero lo mas grave NO integraron una sola de las opiniones de los especialistas que se pronunciaron durante las m\u00e1s de 150 horas de Parlamento Abierto.&nbsp;<\/p>\n\n\n\n<p>Opiniones de especialistas que nos vinieron a recomendar lo mejor para M\u00e9xico en base a la literatura universal del tema y a las experiencias de Mexico y del mundo. No atender una sola opini\u00f3n eso es desd\u00e9n, es soberbia es desconocimiento, pero sobretodo es irresponsabilidad. El pa\u00eds es de todas y todos, y as\u00ed debemos construir las leyes que contribuyan a que nuestro pa\u00eds progrese.<\/p>\n\n\n\n<p>Los partidos de la coalici\u00f3n \u201cVA POR M\u00c9XICO\u201d, presentamos una propuesta y no se incluy\u00f3 en el dictamen que se discuti\u00f3 en San L\u00e1zaro. Y para muestra un bot\u00f3n, propusimos servicio de energ\u00eda el\u00e9ctrica gratuito para las familias vulnerables y tarifa gratuita para escuelas y hospitales. Morena lo rechaz\u00f3. \u00bfEn d\u00f3nde qued\u00f3 entonces el discurso de no dejar a nadie atr\u00e1s?<\/p>\n\n\n\n<p>El Partido Revolucionario Institucional est\u00e1 a favor de discutir una reforma el\u00e9ctrica verdadera, una que incluya la visi\u00f3n de todas las fuerzas pol\u00edticas y la representaci\u00f3n de los 92 millones de mexicanos que est\u00e1n inscritos en la lista nominal. No queremos reformas a modo, queremos reformas que sirvan y que sirvan bien.<\/p>\n\n\n\n<p>Celebro el ejercicio democr\u00e1tico que se vio el domingo en la C\u00e1mara de Diputados, celebro la pluralidad de nuestro pa\u00eds y convoco a las y los diputados de esta LXV Legislatura a no polarizar esta reforma, a no politizarla, M\u00e9xico decidi\u00f3 y decidi\u00f3 bien, al garantizar el respeto a pensar diferente y a construir leyes que busquen el bien de M\u00e9xico.<\/p>\n\n\n\n<p>&nbsp;Orgullosamente vivimos en un pa\u00eds democr\u00e1tico y nos debemos a la voluntad ciudadana. Hoy esa voluntad representada en los legisladores de las fuerzas pol\u00edticas de este pa\u00eds decidi\u00f3 que no se permitir\u00e1 ganar a cualquier precio, que ser\u00e1 el consenso la \u00fanica via y el respeto a discernir la bandera del actuar de las fuerzas pol\u00edticas de este pa\u00eds.&nbsp;&nbsp;<\/p>\n\n\n\n<p>&nbsp;En democracia se gana y se pierde y quienes nos definimos como dem\u00f3cratas y desempe\u00f1amos el oficio politico, as\u00ed debemos asumirlo. No es cuesti\u00f3n de emociones, sino de responsabilidades sobre lo que nos toca hacer en favor de las futuras generaciones.<\/p>\n\n\n\n<p>Debemos asumir las derrotas como incentivos para asumir nuestros errores, nuestras deficiencias y para entender los mensajes que env\u00eda la ciudadania que es la que finalmente manda, y las victorias debemos tomarlas, como oportunidades, no para generar venganzas, ni revanchas, sino como oportunidades para avanzar en la construcci\u00f3n de mejores consensos que nos beneficien a todas y todos. Ese es el buen oficio pol\u00edtico. Demostremos que en esta legislatura lo tenemos y sabemos ponernos de acuerdo. Ya lo hemos logrado, finaliz\u00f3.<\/p>\n","protected":false},"excerpt":{"rendered":"<p>EL diputado Julio Valera Piedras, coordinador del grupo legislativo del PRI en el Congreso, respondi\u00f3 el posicionamiento de Morena sobre la no aprobaci\u00f3n de la Reforma El\u00e9ctrica en la c\u00e1mara de diputados del Congreso de la Uni\u00f3n.&nbsp; Valera Piedras expuso que&nbsp; \u201ccon lo que sucedi\u00f3 el domingo nos debe quedar claro que el Poder Legislativo, [&hellip;]<\/p>\n","protected":false},"author":93,"featured_media":211912,"comment_status":"closed","ping_status":"closed","sticky":false,"template":"","format":"standard","meta":{"footnotes":""},"categories":[15,59,2159],"tags":[],"class_list":["post-211911","post","type-post","status-publish","format-standard","has-post-thumbnail","hentry","category-destacadas","category-general","category-noticias-de-hidalgo"],"_links":{"self":[{"href":"https:\/\/plazajuarez.mx\/historico\/wp-json\/wp\/v2\/posts\/211911","targetHints":{"allow":["GET"]}}],"collection":[{"href":"https:\/\/plazajuarez.mx\/historico\/wp-json\/wp\/v2\/posts"}],"about":[{"href":"https:\/\/plazajuarez.mx\/historico\/wp-json\/wp\/v2\/types\/post"}],"author":[{"embeddable":true,"href":"https:\/\/plazajuarez.mx\/historico\/wp-json\/wp\/v2\/users\/93"}],"replies":[{"embeddable":true,"href":"https:\/\/plazajuarez.mx\/historico\/wp-json\/wp\/v2\/comments?post=211911"}],"version-history":[{"count":0,"href":"https:\/\/plazajuarez.mx\/historico\/wp-json\/wp\/v2\/posts\/211911\/revisions"}],"wp:featuredmedia":[{"embeddable":true,"href":"https:\/\/plazajuarez.mx\/historico\/wp-json\/wp\/v2\/media\/211912"}],"wp:attachment":[{"href":"https:\/\/plazajuarez.mx\/historico\/wp-json\/wp\/v2\/media?parent=211911"}],"wp:term":[{"taxonomy":"category","embeddable":true,"href":"https:\/\/plazajuarez.mx\/historico\/wp-json\/wp\/v2\/categories?post=211911"},{"taxonomy":"post_tag","embeddable":true,"href":"https:\/\/plazajuarez.mx\/historico\/wp-json\/wp\/v2\/tags?post=211911"}],"curies":[{"name":"wp","href":"https:\/\/api.w.org\/{rel}","templated":true}]}}