{"id":211907,"date":"2022-04-19T14:44:05","date_gmt":"2022-04-19T19:44:05","guid":{"rendered":"https:\/\/plazajuarez.mx\/?p=211907"},"modified":"2022-04-19T14:44:17","modified_gmt":"2022-04-19T19:44:17","slug":"erika_luismiguel","status":"publish","type":"post","link":"https:\/\/plazajuarez.mx\/historico\/erika_luismiguel\/","title":{"rendered":"Erika Buenfil felicita a Luis Miguel con foto"},"content":{"rendered":"\n<p>Erika Buenfil felicit\u00f3 a Luis Miguel por su cumplea\u00f1os 52, la actriz de actualmente 58 a\u00f1os comparti\u00f3 en su cuenta de Instagram una fotograf\u00eda junto al int\u00e9rprete de &#8220;Por debajo de la mesa&#8221;, en ella ambos aparecen sonriendo y al parecer disfrutando de un buen momento.<\/p>\n\n\n\n<p>Junto a la instant\u00e1nea, Buenfil escribi\u00f3:<\/p>\n\n\n\n<p>&#8220;Feliz cumplea\u00f1os #LuisMiguel. @lmxlm&#8221;, junto a un emoticon de sol. Los fans de la actriz, que cuenta con m\u00e1s de 4 millones de seguidores, se unieron a la felicitaci\u00f3n, y algunos chuleron la pareja que hac\u00edan.<\/p>\n\n\n\n<p>Buenfil ha platicado en varias ocasiones sobre el romance que sostuvo con Luismi, experiencia de la que guarda recuerdos muy bonitos y que reconoce fue perfecto, porque salir con Luis Miguel &#8220;es perfecto&#8221;.<\/p>\n\n\n\n<p>&#8220;Fue una experiencia muy linda. Fue en el a\u00f1o 2002, 2003, por esas fechas. Es un hombre fascinante, muy guapo y estaba en su mejor momento. Yo hac\u00eda una comparaci\u00f3n, cuando \u00e9l te invitaba a pasar un d\u00eda con \u00e9l o con amigos, es como una pel\u00edcula porque todo es perfecto. Desde la m\u00fasica, desde el lugar, desde lo que comes, la gente que lo rodea, \u00e9l mismo; es un videoclip&#8221;, expres\u00f3 en una entrevista con el programa Hoy.<\/p>\n\n\n\n<p>Con nostalgia, Buenfil asegur\u00f3: &#8220;Fueron momentos bien bonitos, es la verdad&#8221;.<\/p>\n\n\n\n<p>Ante la pregunta de que si Luis Miguel huele rico, la actriz asegur\u00f3 que s\u00ed.<\/p>\n\n\n\n<p>Hoy, el int\u00e9rprete de &#8220;La Bikina&#8221; celebra 52 primaveras, y se ha posicionado como uno de los favoritos en Spotify, igual gusta a los adultos como a los j\u00f3venes.<\/p>\n","protected":false},"excerpt":{"rendered":"<p>Erika Buenfil felicit\u00f3 a Luis Miguel por su cumplea\u00f1os 52, la actriz de actualmente 58 a\u00f1os comparti\u00f3 en su cuenta de Instagram una fotograf\u00eda junto al int\u00e9rprete de &#8220;Por debajo de la mesa&#8221;, en ella ambos aparecen sonriendo y al parecer disfrutando de un buen momento. Junto a la instant\u00e1nea, Buenfil escribi\u00f3: &#8220;Feliz cumplea\u00f1os #LuisMiguel. [&hellip;]<\/p>\n","protected":false},"author":81,"featured_media":211908,"comment_status":"closed","ping_status":"closed","sticky":false,"template":"","format":"standard","meta":{"footnotes":""},"categories":[38],"tags":[2414],"class_list":["post-211907","post","type-post","status-publish","format-standard","has-post-thumbnail","hentry","category-show","tag-luis"],"_links":{"self":[{"href":"https:\/\/plazajuarez.mx\/historico\/wp-json\/wp\/v2\/posts\/211907","targetHints":{"allow":["GET"]}}],"collection":[{"href":"https:\/\/plazajuarez.mx\/historico\/wp-json\/wp\/v2\/posts"}],"about":[{"href":"https:\/\/plazajuarez.mx\/historico\/wp-json\/wp\/v2\/types\/post"}],"author":[{"embeddable":true,"href":"https:\/\/plazajuarez.mx\/historico\/wp-json\/wp\/v2\/users\/81"}],"replies":[{"embeddable":true,"href":"https:\/\/plazajuarez.mx\/historico\/wp-json\/wp\/v2\/comments?post=211907"}],"version-history":[{"count":0,"href":"https:\/\/plazajuarez.mx\/historico\/wp-json\/wp\/v2\/posts\/211907\/revisions"}],"wp:featuredmedia":[{"embeddable":true,"href":"https:\/\/plazajuarez.mx\/historico\/wp-json\/wp\/v2\/media\/211908"}],"wp:attachment":[{"href":"https:\/\/plazajuarez.mx\/historico\/wp-json\/wp\/v2\/media?parent=211907"}],"wp:term":[{"taxonomy":"category","embeddable":true,"href":"https:\/\/plazajuarez.mx\/historico\/wp-json\/wp\/v2\/categories?post=211907"},{"taxonomy":"post_tag","embeddable":true,"href":"https:\/\/plazajuarez.mx\/historico\/wp-json\/wp\/v2\/tags?post=211907"}],"curies":[{"name":"wp","href":"https:\/\/api.w.org\/{rel}","templated":true}]}}