{"id":211792,"date":"2022-04-18T16:23:51","date_gmt":"2022-04-18T21:23:51","guid":{"rendered":"https:\/\/plazajuarez.mx\/?p=211792"},"modified":"2022-04-18T16:25:36","modified_gmt":"2022-04-18T21:25:36","slug":"vacuna_covid-2","status":"publish","type":"post","link":"https:\/\/plazajuarez.mx\/historico\/vacuna_covid-2\/","title":{"rendered":"Habr\u00e1 vacunaci\u00f3n anticovid para completar esquema y aplicaci\u00f3n de refuerzo\u00a0en Tulancingo"},"content":{"rendered":"\n<p>La Presidencia Municipal de Tulancingo,&nbsp; Plaza del Vestido&nbsp; y Jard\u00edn La Floresta ser\u00e1n&nbsp; puntos de la aplicaci\u00f3n de biol\u00f3gico Astrazeneca contra covid -19 a personas de 18 a\u00f1os y m\u00e1s (en primera y segunda dosis as\u00ed como refuerzo).<\/p>\n\n\n\n<p>En lo que confiere a Tulancingo, se estableci\u00f3 como meta la aplicaci\u00f3n de 600 dosis en las sedes ya mencionadas bajo el siguiente calendario.<\/p>\n\n\n\n<p>En plaza del vestido, se tendr\u00e1n disponibles 300 dosis a aplicarse los d\u00edas 21 y 28 de abril.<\/p>\n\n\n\n<p>En jard\u00edn La Floresta se contar\u00e1 con 200 dosis de biol\u00f3gico a aplicarse desde este 18 y hasta el 22 de abril y el m\u00f3dulo de atenci\u00f3n estar\u00e1 ubicado en la velar\u00eda del espacio p\u00fablico.<\/p>\n\n\n\n<p>Y en Presidencia Municipal de Tulancingo habr\u00e1 100 dosis disponibles a aplicarse desde este 18 y hasta el 22 de abril.<\/p>\n\n\n\n<p>El Comit\u00e9 jurisdiccional de Seguridad en Salud inst\u00f3 a la poblaci\u00f3n a protegerse y salvar su vida, completando esquemas o recibiendo el refuerzo del biol\u00f3gico.<\/p>\n\n\n\n<p>La vacuna&nbsp; no tiene costo y se ofrece en un horario accesible desde las 8:00 y hasta las 14:00 horas, en los d\u00edas se\u00f1alados.<\/p>\n\n\n\n<p>Se exhort\u00f3 a la ciudadan\u00eda a estar muy atenta a los avisos e informaci\u00f3n oficial,&nbsp; pues la programaci\u00f3n pudiera estar sujeta a cambios por parte del sector salud.<\/p>\n\n\n\n<p>Para m\u00e1s informaci\u00f3n sobre esta jornada especial de vacunaci\u00f3n a poblaci\u00f3n rezagada, los interesados pueden consultarla en la p\u00e1gina de Facebook: <a href=\"https:\/\/www.facebook.com\/saludhgo\/?__cft__%5b0%5d=AZVC8qH7Vd82pr4mwcCpzw_bkLbGByetSkBX8n2JExzvGmjeZuVrZXrr-joX6jYZoW6p9Du5Pe7sIkU16TSf4r4xsIZpUG5yukaarFaZOpRrD3qzgqLc53mtCAmqwfYYovUycGEdVU6q2LOPOjLx4wPL&amp;__tn__=-UC%2CP-R\">Secretar\u00eda de Salud de Hidalgo<\/a>.<\/p>\n\n\n\n<p>Con estas acciones se pretende que la poblaci\u00f3n que por alguna raz\u00f3n no ha iniciado o completado esquemas, pueda hacerlo y as\u00ed se tenga al&nbsp; alcance el biol\u00f3gico.<\/p>\n\n\n\n<p>Finalmente se subray\u00f3 que la inoculaci\u00f3n contra el SARS-COV2 ayuda a disminuir un cuadro grave de la enfermedad.<\/p>\n\n\n\n<p><em>La siguiente informaci\u00f3n es con fines informativos y orientaci\u00f3n a la poblaci\u00f3n,<\/em><\/p>\n\n\n\n<p><em>queda prohibido su uso para fines pol\u00edticos y propaganda gubernamental.<\/em><\/p>\n","protected":false},"excerpt":{"rendered":"<p>La Presidencia Municipal de Tulancingo,&nbsp; Plaza del Vestido&nbsp; y Jard\u00edn La Floresta ser\u00e1n&nbsp; puntos de la aplicaci\u00f3n de biol\u00f3gico Astrazeneca contra covid -19 a personas de 18 a\u00f1os y m\u00e1s (en primera y segunda dosis as\u00ed como refuerzo). En lo que confiere a Tulancingo, se estableci\u00f3 como meta la aplicaci\u00f3n de 600 dosis en las [&hellip;]<\/p>\n","protected":false},"author":81,"featured_media":211793,"comment_status":"closed","ping_status":"closed","sticky":false,"template":"","format":"standard","meta":{"footnotes":""},"categories":[15,2159,40],"tags":[2412],"class_list":["post-211792","post","type-post","status-publish","format-standard","has-post-thumbnail","hentry","category-destacadas","category-noticias-de-hidalgo","category-region","tag-vacunacion-2"],"_links":{"self":[{"href":"https:\/\/plazajuarez.mx\/historico\/wp-json\/wp\/v2\/posts\/211792","targetHints":{"allow":["GET"]}}],"collection":[{"href":"https:\/\/plazajuarez.mx\/historico\/wp-json\/wp\/v2\/posts"}],"about":[{"href":"https:\/\/plazajuarez.mx\/historico\/wp-json\/wp\/v2\/types\/post"}],"author":[{"embeddable":true,"href":"https:\/\/plazajuarez.mx\/historico\/wp-json\/wp\/v2\/users\/81"}],"replies":[{"embeddable":true,"href":"https:\/\/plazajuarez.mx\/historico\/wp-json\/wp\/v2\/comments?post=211792"}],"version-history":[{"count":0,"href":"https:\/\/plazajuarez.mx\/historico\/wp-json\/wp\/v2\/posts\/211792\/revisions"}],"wp:featuredmedia":[{"embeddable":true,"href":"https:\/\/plazajuarez.mx\/historico\/wp-json\/wp\/v2\/media\/211793"}],"wp:attachment":[{"href":"https:\/\/plazajuarez.mx\/historico\/wp-json\/wp\/v2\/media?parent=211792"}],"wp:term":[{"taxonomy":"category","embeddable":true,"href":"https:\/\/plazajuarez.mx\/historico\/wp-json\/wp\/v2\/categories?post=211792"},{"taxonomy":"post_tag","embeddable":true,"href":"https:\/\/plazajuarez.mx\/historico\/wp-json\/wp\/v2\/tags?post=211792"}],"curies":[{"name":"wp","href":"https:\/\/api.w.org\/{rel}","templated":true}]}}