{"id":211580,"date":"2022-04-16T13:46:10","date_gmt":"2022-04-16T18:46:10","guid":{"rendered":"https:\/\/plazajuarez.mx\/?p=211580"},"modified":"2022-04-16T13:46:21","modified_gmt":"2022-04-16T18:46:21","slug":"mujer_presidencia","status":"publish","type":"post","link":"https:\/\/plazajuarez.mx\/historico\/mujer_presidencia\/","title":{"rendered":"La primera mujer en contender por la Presidencia"},"content":{"rendered":"\n<p>Nacida en Saltillo,Coahuila el 24 de febrero de 1927, Rosario Ibarra de Piedra es considerada como una de las primeras pioneras en la defensa por los derechos humanos, la paz y democracia en M\u00e9xico, luego que su hijo Jes\u00fas, de 19 a\u00f1os, fue desparecido en 1974, en la ciudad de Monterrey, Nuevo Le\u00f3n.<\/p>\n\n\n\n<p>Con la demanda de exigir la presentaci\u00f3n de su hijo y de decenas de j\u00f3venes m\u00e1s, acompa\u00f1ado por &#8220;las do\u00f1as&#8221; (madres de hijos de desaparecido) y bajo la consigna de &#8220;\u00a1Vivos se los llevaron, vivos los queremos!&#8221; en 1977 fund\u00f3 el Comit\u00e9 Pro Defensa de Presos, Perseguidos, Desaparecidos y Exiliados Pol\u00edticos, conocido como el Comit\u00e9 \u00a1Eureka!<\/p>\n\n\n\n<p>Un a\u00f1o m\u00e1s tarde, por la presi\u00f3n hecha por la organizaci\u00f3n y otras m\u00e1s, el entonces presidente Jos\u00e9 L\u00f3pez Portillo decidi\u00f3 promulgar la Ley de Amnist\u00eda, la cual fue aprobada en el Congreso.<\/p>\n\n\n\n<p>Debido a esta ley, se puso en libertad a mil 500 presos pol\u00edticos, permiti\u00f3 el regreso de 57 exiliados al pa\u00eds y desisti\u00f3 m\u00e1s de 2 mil \u00f3rdenes de aprehensi\u00f3n.<\/p>\n\n\n\n<p>Rosario Ibarra de Piedra fue diputada, senadora y asesora pol\u00edtica.<\/p>\n\n\n\n<p>En 1982 fue la primera mujer candidata a la Presidencia de la Rep\u00fablica por el entonces Partido Revolucionario de los Trabajadores (PRT) y seis a\u00f1os despu\u00e9s, en las elecciones de 1988 nuevamente compiti\u00f3 por la Presidencia por el mismo partido.<\/p>\n\n\n\n<p>Do\u00f1a Rosario Ibarra fue columnista de EL UNIVERSAL en los a\u00f1os donde la oposici\u00f3n ten\u00eda pocos o nulos espacios.<\/p>\n\n\n\n<p>Por su lucha, fue candidata al Premio Nobel de la Paz en los a\u00f1os 1986, 1987, 1989 y 2006.<\/p>\n\n\n\n<p>El 23 de octubre de 2019, a los 92 a\u00f1os de edad, el Senado de la Rep\u00fablica le entreg\u00f3 la Medalla de Honor Belisario Dom\u00ednguez &#8220;en reconocimiento de su ardua labor como activista y defensora de los derechos humanos por m\u00e1s de cuatro d\u00e9cadas en favor de presos pol\u00edticos, desaparecidos y exiliados&#8221;.<\/p>\n","protected":false},"excerpt":{"rendered":"<p>Nacida en Saltillo,Coahuila el 24 de febrero de 1927, Rosario Ibarra de Piedra es considerada como una de las primeras pioneras en la defensa por los derechos humanos, la paz y democracia en M\u00e9xico, luego que su hijo Jes\u00fas, de 19 a\u00f1os, fue desparecido en 1974, en la ciudad de Monterrey, Nuevo Le\u00f3n. Con la [&hellip;]<\/p>\n","protected":false},"author":81,"featured_media":211581,"comment_status":"closed","ping_status":"closed","sticky":false,"template":"","format":"standard","meta":{"footnotes":""},"categories":[15,36],"tags":[2223],"class_list":["post-211580","post","type-post","status-publish","format-standard","has-post-thumbnail","hentry","category-destacadas","category-nacion","tag-presidencia"],"_links":{"self":[{"href":"https:\/\/plazajuarez.mx\/historico\/wp-json\/wp\/v2\/posts\/211580","targetHints":{"allow":["GET"]}}],"collection":[{"href":"https:\/\/plazajuarez.mx\/historico\/wp-json\/wp\/v2\/posts"}],"about":[{"href":"https:\/\/plazajuarez.mx\/historico\/wp-json\/wp\/v2\/types\/post"}],"author":[{"embeddable":true,"href":"https:\/\/plazajuarez.mx\/historico\/wp-json\/wp\/v2\/users\/81"}],"replies":[{"embeddable":true,"href":"https:\/\/plazajuarez.mx\/historico\/wp-json\/wp\/v2\/comments?post=211580"}],"version-history":[{"count":0,"href":"https:\/\/plazajuarez.mx\/historico\/wp-json\/wp\/v2\/posts\/211580\/revisions"}],"wp:featuredmedia":[{"embeddable":true,"href":"https:\/\/plazajuarez.mx\/historico\/wp-json\/wp\/v2\/media\/211581"}],"wp:attachment":[{"href":"https:\/\/plazajuarez.mx\/historico\/wp-json\/wp\/v2\/media?parent=211580"}],"wp:term":[{"taxonomy":"category","embeddable":true,"href":"https:\/\/plazajuarez.mx\/historico\/wp-json\/wp\/v2\/categories?post=211580"},{"taxonomy":"post_tag","embeddable":true,"href":"https:\/\/plazajuarez.mx\/historico\/wp-json\/wp\/v2\/tags?post=211580"}],"curies":[{"name":"wp","href":"https:\/\/api.w.org\/{rel}","templated":true}]}}