{"id":2115,"date":"2015-03-12T06:00:00","date_gmt":"2015-03-12T06:00:00","guid":{"rendered":"http:\/\/plazajuarez.mx\/index\/index.php\/2015\/03\/12\/cadena-tres-y-radio-centro-ganadores-de-licitaciones-ift\/"},"modified":"2015-03-12T06:00:00","modified_gmt":"2015-03-12T06:00:00","slug":"cadena-tres-y-radio-centro-ganadores-de-licitaciones-ift","status":"publish","type":"post","link":"https:\/\/plazajuarez.mx\/historico\/cadena-tres-y-radio-centro-ganadores-de-licitaciones-ift\/","title":{"rendered":"Cadena Tres y Radio Centro, ganadores  de licitaciones: IFT"},"content":{"rendered":"<p>El Instituto Federal de Telecomunicaciones (IFT) declar\u00f3 a Grupo Radio Centro y Cadena Tres como ganadores de la licitaci\u00f3n para las dos cadenas de televisi\u00f3n abierta con cobertura nacional por separado.<\/p>\n<p>  <!--more-->  <\/p>\n<p>\u00a0<\/p>\n<p>As\u00ed lo inform\u00f3 en conferencia de prensa, Gabriel Contreras, comisionado presidente del IFT, luego del fallo tras la \u00faltima etapa de an\u00e1lisis de ambas ofertas.<\/p>\n<p>Grupo Radio Centro hab\u00eda presentado una oferta econ\u00f3mica por una cadena nacional de televisi\u00f3n abierta digital por tres mil 58 millones de pesos, y una propuesta de cobertura de poblaci\u00f3n a servir sin traslapes de 106 millones 302 mil 186 personas.<\/p>\n<p>Por su parte, Cadena Tres hab\u00eda presentado una propuesta econ\u00f3mica de mil 808 millones de pesos, y una oferta de cobertura nacional de 106 millones 302 mil 186 habitantes. (Agencias)<\/p>\n","protected":false},"excerpt":{"rendered":"<p>El Instituto Federal de Telecomunicaciones (IFT) declar\u00f3 a Grupo Radio Centro y Cadena Tres como ganadores de la licitaci\u00f3n para las dos cadenas de televisi\u00f3n abierta con cobertura nacional por separado.<\/p>\n","protected":false},"author":93,"featured_media":0,"comment_status":"open","ping_status":"open","sticky":false,"template":"","format":"standard","meta":{"footnotes":""},"categories":[36],"tags":[],"class_list":["post-2115","post","type-post","status-publish","format-standard","hentry","category-nacion"],"_links":{"self":[{"href":"https:\/\/plazajuarez.mx\/historico\/wp-json\/wp\/v2\/posts\/2115","targetHints":{"allow":["GET"]}}],"collection":[{"href":"https:\/\/plazajuarez.mx\/historico\/wp-json\/wp\/v2\/posts"}],"about":[{"href":"https:\/\/plazajuarez.mx\/historico\/wp-json\/wp\/v2\/types\/post"}],"author":[{"embeddable":true,"href":"https:\/\/plazajuarez.mx\/historico\/wp-json\/wp\/v2\/users\/93"}],"replies":[{"embeddable":true,"href":"https:\/\/plazajuarez.mx\/historico\/wp-json\/wp\/v2\/comments?post=2115"}],"version-history":[{"count":0,"href":"https:\/\/plazajuarez.mx\/historico\/wp-json\/wp\/v2\/posts\/2115\/revisions"}],"wp:attachment":[{"href":"https:\/\/plazajuarez.mx\/historico\/wp-json\/wp\/v2\/media?parent=2115"}],"wp:term":[{"taxonomy":"category","embeddable":true,"href":"https:\/\/plazajuarez.mx\/historico\/wp-json\/wp\/v2\/categories?post=2115"},{"taxonomy":"post_tag","embeddable":true,"href":"https:\/\/plazajuarez.mx\/historico\/wp-json\/wp\/v2\/tags?post=2115"}],"curies":[{"name":"wp","href":"https:\/\/api.w.org\/{rel}","templated":true}]}}