{"id":2114,"date":"2015-03-12T06:00:00","date_gmt":"2015-03-12T06:00:00","guid":{"rendered":"http:\/\/plazajuarez.mx\/index\/index.php\/2015\/03\/12\/pide-ifai-a-sedena-informe-sobre-actuacion-del-ejercito-el-26-de-septiembre\/"},"modified":"2015-03-12T06:00:00","modified_gmt":"2015-03-12T06:00:00","slug":"pide-ifai-a-sedena-informe-sobre-actuacion-del-ejercito-el-26-de-septiembre","status":"publish","type":"post","link":"https:\/\/plazajuarez.mx\/historico\/pide-ifai-a-sedena-informe-sobre-actuacion-del-ejercito-el-26-de-septiembre\/","title":{"rendered":"Pide Ifai a Sedena informe sobre actuaci\u00f3n  del Ej\u00e9rcito el 26 de septiembre"},"content":{"rendered":"<p>M\u00e9xico, DF.- Al resolver un nuevo recurso relacionado con la actuaci\u00f3n del Ej\u00e9rcito en el periodo en que ocurri\u00f3 la desaparici\u00f3n de los 43 normalistas de Ayotzinapa, el Instituto Federal de Acceso a la Informaci\u00f3n (Ifai) orden\u00f3 a la Secretar\u00eda de la Defensa Nacional<\/p>\n<p>  <!--more-->  <\/p>\n<p>a hacer una b\u00fasqueda exhaustiva de su documentaci\u00f3n y entregar una informaci\u00f3n p\u00fablica de todos los partes relacionados con la actuaci\u00f3n del 27 batall\u00f3n del Ej\u00e9rcito, con base en Iguala, Guerrero, entre el 25 y el 30 de septiembre.<\/p>\n<p>En su proyecto de resoluci\u00f3n, el comisionado Rosendo Evgueni se\u00f1al\u00f3 que esta determinaci\u00f3n a partir de la consideraci\u00f3n de que la desaparici\u00f3n de los estudiantes ya ha sido considerado como un caso en el que se registraron violaciones graves a los derechos humanos por lo que es importante el conocimiento p\u00fablico de la informaci\u00f3n. (Agencias)<\/p>\n","protected":false},"excerpt":{"rendered":"<p>M\u00e9xico, DF.- Al resolver un nuevo recurso relacionado con la actuaci\u00f3n del Ej\u00e9rcito en el periodo en que ocurri\u00f3 la desaparici\u00f3n de los 43 normalistas de Ayotzinapa, el Instituto Federal de Acceso a la Informaci\u00f3n (Ifai) orden\u00f3 a la Secretar\u00eda de la Defensa Nacional<\/p>\n","protected":false},"author":93,"featured_media":0,"comment_status":"open","ping_status":"open","sticky":false,"template":"","format":"standard","meta":{"footnotes":""},"categories":[36],"tags":[],"class_list":["post-2114","post","type-post","status-publish","format-standard","hentry","category-nacion"],"_links":{"self":[{"href":"https:\/\/plazajuarez.mx\/historico\/wp-json\/wp\/v2\/posts\/2114","targetHints":{"allow":["GET"]}}],"collection":[{"href":"https:\/\/plazajuarez.mx\/historico\/wp-json\/wp\/v2\/posts"}],"about":[{"href":"https:\/\/plazajuarez.mx\/historico\/wp-json\/wp\/v2\/types\/post"}],"author":[{"embeddable":true,"href":"https:\/\/plazajuarez.mx\/historico\/wp-json\/wp\/v2\/users\/93"}],"replies":[{"embeddable":true,"href":"https:\/\/plazajuarez.mx\/historico\/wp-json\/wp\/v2\/comments?post=2114"}],"version-history":[{"count":0,"href":"https:\/\/plazajuarez.mx\/historico\/wp-json\/wp\/v2\/posts\/2114\/revisions"}],"wp:attachment":[{"href":"https:\/\/plazajuarez.mx\/historico\/wp-json\/wp\/v2\/media?parent=2114"}],"wp:term":[{"taxonomy":"category","embeddable":true,"href":"https:\/\/plazajuarez.mx\/historico\/wp-json\/wp\/v2\/categories?post=2114"},{"taxonomy":"post_tag","embeddable":true,"href":"https:\/\/plazajuarez.mx\/historico\/wp-json\/wp\/v2\/tags?post=2114"}],"curies":[{"name":"wp","href":"https:\/\/api.w.org\/{rel}","templated":true}]}}