{"id":211383,"date":"2022-04-14T14:19:26","date_gmt":"2022-04-14T19:19:26","guid":{"rendered":"https:\/\/plazajuarez.mx\/?p=211383"},"modified":"2022-04-14T14:20:19","modified_gmt":"2022-04-14T19:20:19","slug":"julio_cannes","status":"publish","type":"post","link":"https:\/\/plazajuarez.mx\/historico\/julio_cannes\/","title":{"rendered":"Julio Chavezmontes, el \u00fanico productor mexicano presente"},"content":{"rendered":"\n<p> Por tercera ocasi\u00f3n desde 2018, el productor mexicano Julio Chavezmontes pisar\u00e1 el Festival Internacional de Cine de Cannes, ahora con la s\u00e1tira &#8220;Triangle of Sadness&#8221;, la cual competir\u00e1 por la Palma de Oro, m\u00e1ximo reconocimiento del certamen galo.<\/p>\n\n\n\n<p>Es, hasta ahora, el \u00fanico connacional que estar\u00e1 en la Riviera Maya, seg\u00fan se extrae de la lista de cintas participantes en diversas secciones, dadas a conocer esta ma\u00f1ana por el festival.<\/p>\n\n\n\n<p>Dirigida por Ruben \u00d6stlund (&#8220;The Square&#8221;), la cinta inicia cuando la pareja de modelos Carl y Yaya es invitada a un crucero con una variedad de multimillonarios, entre ellos un oligarca ruso, traficante brit\u00e1nicos de armas y un capit\u00e1n alcoh\u00f3lico.<\/p>\n\n\n\n<p>El problema es cuando una tormenta cambia toda la alegr\u00eda acaba en naufragio y, con ello, todos los pasajeros en una isla.<\/p>\n\n\n\n<p>&#8220;Siempre es un honor poder estar ah\u00ed, es una de las grandes plataformas para que el cine llegue al p\u00fablico y darse a conocer, es un privilegio estar ah\u00ed&#8221;, comenta Chavezmontes.<\/p>\n\n\n\n<p>La primera ocasi\u00f3n en que asisti\u00f3 fue en 2018, con la cinta franco-mexico-suiza &#8220;La daga en el coraz\u00f3n&#8221;; mientras que el a\u00f1o pasado estuvo por &#8220;Annete&#8221;, cuyo director Leos Carax triunf\u00f3, Memoria, ganadora del premio del Jurado y La isla de Bergman.<\/p>\n\n\n\n<p>La participaci\u00f3n en &#8220;Triangle of Sadness&#8221; fue el resultado de una larga relaci\u00f3n con su director sueco, a quien conoci\u00f3 hace cuatro a\u00f1os cuando el realizador form\u00f3 parte del jurado que en Sundance premi\u00f3 el gui\u00f3n de &#8220;Tiempo compartido&#8221;, producci\u00f3n de Chavezmontes con su compa\u00f1\u00eda PIANO.<\/p>\n\n\n\n<p>&#8220;Pero desde antes su cine hab\u00eda sido una inspiraci\u00f3n para m\u00ed y Sebastian (Hofmann, su socio), era alguien que admiramos siempre y luego de Sundance se estableci\u00f3 una relaci\u00f3n y ahora de colaborar en su pel\u00edcula. Justo cuando trabajas con alguien as\u00ed haces a un lado todo y no entra ning\u00fan fanatismo, entra el trabajar con la persona&#8221;, comenta.<\/p>\n\n\n\n<p>Cannes se realizar\u00e1 del 18 al 28 de mayo pr\u00f3ximos. En la secci\u00f3n oficial se encuentran, entre otros, los filmes &#8220;Crimes of the future&#8221;, de David Cronenberg; &#8220;Start at noon&#8221;, de Claire Denis; &#8220;RMN de Cristian Mungiu&#8221; y &#8220;Decision to leave&#8221;, dirigida por Park Chan-Wook.<\/p>\n","protected":false},"excerpt":{"rendered":"<p>Por tercera ocasi\u00f3n desde 2018, el productor mexicano Julio Chavezmontes pisar\u00e1 el Festival Internacional de Cine de Cannes, ahora con la s\u00e1tira &#8220;Triangle of Sadness&#8221;, la cual competir\u00e1 por la Palma de Oro, m\u00e1ximo reconocimiento del certamen galo. Es, hasta ahora, el \u00fanico connacional que estar\u00e1 en la Riviera Maya, seg\u00fan se extrae de la [&hellip;]<\/p>\n","protected":false},"author":81,"featured_media":211384,"comment_status":"closed","ping_status":"closed","sticky":false,"template":"","format":"standard","meta":{"footnotes":""},"categories":[41],"tags":[406],"class_list":["post-211383","post","type-post","status-publish","format-standard","has-post-thumbnail","hentry","category-arteria-cultural","tag-cannes"],"_links":{"self":[{"href":"https:\/\/plazajuarez.mx\/historico\/wp-json\/wp\/v2\/posts\/211383","targetHints":{"allow":["GET"]}}],"collection":[{"href":"https:\/\/plazajuarez.mx\/historico\/wp-json\/wp\/v2\/posts"}],"about":[{"href":"https:\/\/plazajuarez.mx\/historico\/wp-json\/wp\/v2\/types\/post"}],"author":[{"embeddable":true,"href":"https:\/\/plazajuarez.mx\/historico\/wp-json\/wp\/v2\/users\/81"}],"replies":[{"embeddable":true,"href":"https:\/\/plazajuarez.mx\/historico\/wp-json\/wp\/v2\/comments?post=211383"}],"version-history":[{"count":0,"href":"https:\/\/plazajuarez.mx\/historico\/wp-json\/wp\/v2\/posts\/211383\/revisions"}],"wp:featuredmedia":[{"embeddable":true,"href":"https:\/\/plazajuarez.mx\/historico\/wp-json\/wp\/v2\/media\/211384"}],"wp:attachment":[{"href":"https:\/\/plazajuarez.mx\/historico\/wp-json\/wp\/v2\/media?parent=211383"}],"wp:term":[{"taxonomy":"category","embeddable":true,"href":"https:\/\/plazajuarez.mx\/historico\/wp-json\/wp\/v2\/categories?post=211383"},{"taxonomy":"post_tag","embeddable":true,"href":"https:\/\/plazajuarez.mx\/historico\/wp-json\/wp\/v2\/tags?post=211383"}],"curies":[{"name":"wp","href":"https:\/\/api.w.org\/{rel}","templated":true}]}}