{"id":211370,"date":"2022-04-14T13:46:41","date_gmt":"2022-04-14T18:46:41","guid":{"rendered":"https:\/\/plazajuarez.mx\/?p=211370"},"modified":"2022-04-14T13:57:44","modified_gmt":"2022-04-14T18:57:44","slug":"2022_economia","status":"publish","type":"post","link":"https:\/\/plazajuarez.mx\/historico\/2022_economia\/","title":{"rendered":"FMI recortar\u00e1 expectativas de econom\u00eda mundial de 2022 y 2023"},"content":{"rendered":"\n<p> La directora gerente del Fondo Monetario Internacional (FMI), Kristalina Georgieva, advirti\u00f3 que debido a que el mundo se est\u00e1 enfrentando a una crisis tras otra, recortar\u00e1n el pron\u00f3stico de crecimiento para la econom\u00eda global.<\/p>\n\n\n\n<p>Adelant\u00f3 que el informe de Perspectivas Econ\u00f3micas Mundiales (WEO por sus siglas en ingl\u00e9s) que dar\u00e1n a conocer la pr\u00f3xima semana, contendr\u00e1 un menor crecimiento para el 2022 y 2023.<\/p>\n\n\n\n<p>Lo anterior debido a la pandemia, por las ondas s\u00edsmicas de la guerra en Ucrania y por la alta inflaci\u00f3n, cuyos efectos lo est\u00e1n resintiendo todos los pa\u00edses.<\/p>\n\n\n\n<p>El impacto de la guerra contribuir\u00e1 a recortar los pron\u00f3sticos de 143 econom\u00edas este a\u00f1o, que representan 86% del PIB mundial, anunci\u00f3 durante una conversaci\u00f3n que sostuvo con la organizaci\u00f3n no gubernamental Carnegie Endowment previa a las Reuniones de Primavera.<\/p>\n\n\n\n<p>&#8220;Nos encontramos frente a una crisis encima de otra&#8221;, advirti\u00f3 al referirse a Covid-19, la invasi\u00f3n rusa en Ucrania y al aumento de los precios, sobre todo de los alimentos.<\/p>\n\n\n\n<p>Del virus, afirm\u00f3 que contin\u00faa propag\u00e1ndose y podr\u00eda producir variantes a\u00fan m\u00e1s contagiosas o, lo que es peor, m\u00e1s letales.<\/p>\n\n\n\n<p>En tanto, de la guerra dijo: &#8220;La invasi\u00f3n rusa en Ucrania, que ha devastado la econom\u00eda del pa\u00eds, ha producido ondas s\u00edsmicas que repercuten en el mundo entero&#8221;.<\/p>\n\n\n\n<p>A la vez la inflaci\u00f3n, sentenci\u00f3, es un peligro claro y presente para muchos pa\u00edses de todas las regiones.<\/p>\n\n\n\n<p>Todo lo anterior, lament\u00f3, constituye un enorme rev\u00e9s para la recuperaci\u00f3n mundial; en donde la recuperaci\u00f3n seguir\u00e1 siendo muy diferente para los ricos y para los pobres.<\/p>\n\n\n\n<p>&#8220;Las perspectivas a mediano plazo tambi\u00e9n han desmejorado&#8221;, alert\u00f3.<\/p>\n\n\n\n<p>Seg\u00fan las previsiones del FMI, indic\u00f3, ahora la mayor\u00eda de los pa\u00edses tardar\u00e1 a\u00fan m\u00e1s en retomar la tendencia previa a la pandemia.<\/p>\n\n\n\n<p>Lo anterior en momentos en que la mayor\u00eda de las econom\u00edas emergentes y en desarrollo est\u00e1n lidiando no solo con las secuelas econ\u00f3micas de la guerra, sino tambi\u00e9n con las cicatrices que ha dejado la crisis provocada por la pandemia<\/p>\n\n\n\n<p>Gerogieva puso de manifiesto que en t\u00e9rminos econ\u00f3micos, esto significa que el crecimiento disminuye y la inflaci\u00f3n aumenta.<\/p>\n\n\n\n<p>Pero, en t\u00e9rminos humanos, para la gente representa que sus ingresos disminuyen y las penurias aumentan.<\/p>\n\n\n\n<p>Adem\u00e1s, se\u00f1al\u00f3 que a estas dos crisis \u2014pandemia y guerra\u2014 y la capacidad para enfrentarlas, se ven complicadas por otro riesgo creciente: la fragmentaci\u00f3n de la econom\u00eda mundial en bloques geopol\u00edticos, con diferentes normas comerciales y tecnol\u00f3gicas, sistemas de pagos y monedas de reserva.<\/p>\n","protected":false},"excerpt":{"rendered":"<p>La directora gerente del Fondo Monetario Internacional (FMI), Kristalina Georgieva, advirti\u00f3 que debido a que el mundo se est\u00e1 enfrentando a una crisis tras otra, recortar\u00e1n el pron\u00f3stico de crecimiento para la econom\u00eda global. Adelant\u00f3 que el informe de Perspectivas Econ\u00f3micas Mundiales (WEO por sus siglas en ingl\u00e9s) que dar\u00e1n a conocer la pr\u00f3xima semana, [&hellip;]<\/p>\n","protected":false},"author":81,"featured_media":211371,"comment_status":"closed","ping_status":"closed","sticky":false,"template":"","format":"standard","meta":{"footnotes":""},"categories":[36],"tags":[2397],"class_list":["post-211370","post","type-post","status-publish","format-standard","has-post-thumbnail","hentry","category-nacion","tag-fmi"],"_links":{"self":[{"href":"https:\/\/plazajuarez.mx\/historico\/wp-json\/wp\/v2\/posts\/211370","targetHints":{"allow":["GET"]}}],"collection":[{"href":"https:\/\/plazajuarez.mx\/historico\/wp-json\/wp\/v2\/posts"}],"about":[{"href":"https:\/\/plazajuarez.mx\/historico\/wp-json\/wp\/v2\/types\/post"}],"author":[{"embeddable":true,"href":"https:\/\/plazajuarez.mx\/historico\/wp-json\/wp\/v2\/users\/81"}],"replies":[{"embeddable":true,"href":"https:\/\/plazajuarez.mx\/historico\/wp-json\/wp\/v2\/comments?post=211370"}],"version-history":[{"count":0,"href":"https:\/\/plazajuarez.mx\/historico\/wp-json\/wp\/v2\/posts\/211370\/revisions"}],"wp:featuredmedia":[{"embeddable":true,"href":"https:\/\/plazajuarez.mx\/historico\/wp-json\/wp\/v2\/media\/211371"}],"wp:attachment":[{"href":"https:\/\/plazajuarez.mx\/historico\/wp-json\/wp\/v2\/media?parent=211370"}],"wp:term":[{"taxonomy":"category","embeddable":true,"href":"https:\/\/plazajuarez.mx\/historico\/wp-json\/wp\/v2\/categories?post=211370"},{"taxonomy":"post_tag","embeddable":true,"href":"https:\/\/plazajuarez.mx\/historico\/wp-json\/wp\/v2\/tags?post=211370"}],"curies":[{"name":"wp","href":"https:\/\/api.w.org\/{rel}","templated":true}]}}