{"id":211273,"date":"2022-04-14T09:03:30","date_gmt":"2022-04-14T14:03:30","guid":{"rendered":"https:\/\/plazajuarez.mx\/?p=211273"},"modified":"2022-04-14T09:03:41","modified_gmt":"2022-04-14T14:03:41","slug":"esperan-que-la-oposicion-vote-a-favor-de-reforma-electrica","status":"publish","type":"post","link":"https:\/\/plazajuarez.mx\/historico\/esperan-que-la-oposicion-vote-a-favor-de-reforma-electrica\/","title":{"rendered":"Esperan que la oposici\u00f3n vote a favor de Reforma El\u00e9ctrica\u00a0"},"content":{"rendered":"\n<p>El diputado federal por Hidalgo de Morena, Cuauht\u00e9moc Ochoa Fern\u00e1ndez dijo que est\u00e1n a la espera para que \u201cla oposici\u00f3n haga conciencia, que lo que en su momento pidieron est\u00e1 plasmado y no tienen pretexto para no votarla\u201d.<\/p>\n\n\n\n<p>Lo anterior respecto a la Reforma El\u00e9ctrica y luego de que la oposici\u00f3n solicitara la integraci\u00f3n de 12 puntos a la iniciativa presentada por el presidente de la rep\u00fablica, Andr\u00e9s Manuel L\u00f3pez Obrador (AMLO).<\/p>\n\n\n\n<p>Dijo \u201cel lunes pasado mandaron 12 puntos a la propuesta del presidente, los cuales nueve se les concedieron, entre ellos el tema de poner la energ\u00eda como una necesidad, que los municipios paguen una tarifa no comercial, sino m\u00e1s accesible, lo mismo con hospitales y las escuelas, adem\u00e1s de fortalecer a la Comisi\u00f3n Federal de Electricidad (CFE)\u201d.<\/p>\n\n\n\n<p>Precis\u00f3 que de los nueve puntos, tres fueron dictaminados por la Suprema Corte de Justicia de la Naci\u00f3n (SCJN) como constitucionales, como: dar mayor fortalecimiento tanto a la Comisi\u00f3n Reguladora de Energ\u00eda (CRE),&nbsp; como al Centro Nacional de Control de Energ\u00eda (Cenace) y que se cancelen los contratos negados.<\/p>\n\n\n\n<p>Precis\u00f3 que los puntos solicitados ya fueron integrados, pero a\u00fan no quieren votar a favor de la Reforma&nbsp; \u201cno entiendo porque seg\u00fan ellos lo que quieren es que exista m\u00e1s oportunidad, que exista competencia, que bajen las tarifas y pareciera que est\u00e1n haciendo lo contrario apoyando a estos fondos internacionales que vienen y hacen su agosto en nuestro pa\u00eds\u201d.<\/p>\n","protected":false},"excerpt":{"rendered":"<p>El diputado federal por Hidalgo de Morena, Cuauht\u00e9moc Ochoa Fern\u00e1ndez dijo que est\u00e1n a la espera para que \u201cla oposici\u00f3n haga conciencia, que lo que en su momento pidieron est\u00e1 plasmado y no tienen pretexto para no votarla\u201d. Lo anterior respecto a la Reforma El\u00e9ctrica y luego de que la oposici\u00f3n solicitara la integraci\u00f3n de [&hellip;]<\/p>\n","protected":false},"author":73,"featured_media":211274,"comment_status":"closed","ping_status":"closed","sticky":false,"template":"","format":"standard","meta":{"footnotes":""},"categories":[59,2159],"tags":[],"class_list":["post-211273","post","type-post","status-publish","format-standard","has-post-thumbnail","hentry","category-general","category-noticias-de-hidalgo"],"_links":{"self":[{"href":"https:\/\/plazajuarez.mx\/historico\/wp-json\/wp\/v2\/posts\/211273","targetHints":{"allow":["GET"]}}],"collection":[{"href":"https:\/\/plazajuarez.mx\/historico\/wp-json\/wp\/v2\/posts"}],"about":[{"href":"https:\/\/plazajuarez.mx\/historico\/wp-json\/wp\/v2\/types\/post"}],"author":[{"embeddable":true,"href":"https:\/\/plazajuarez.mx\/historico\/wp-json\/wp\/v2\/users\/73"}],"replies":[{"embeddable":true,"href":"https:\/\/plazajuarez.mx\/historico\/wp-json\/wp\/v2\/comments?post=211273"}],"version-history":[{"count":0,"href":"https:\/\/plazajuarez.mx\/historico\/wp-json\/wp\/v2\/posts\/211273\/revisions"}],"wp:featuredmedia":[{"embeddable":true,"href":"https:\/\/plazajuarez.mx\/historico\/wp-json\/wp\/v2\/media\/211274"}],"wp:attachment":[{"href":"https:\/\/plazajuarez.mx\/historico\/wp-json\/wp\/v2\/media?parent=211273"}],"wp:term":[{"taxonomy":"category","embeddable":true,"href":"https:\/\/plazajuarez.mx\/historico\/wp-json\/wp\/v2\/categories?post=211273"},{"taxonomy":"post_tag","embeddable":true,"href":"https:\/\/plazajuarez.mx\/historico\/wp-json\/wp\/v2\/tags?post=211273"}],"curies":[{"name":"wp","href":"https:\/\/api.w.org\/{rel}","templated":true}]}}