{"id":211270,"date":"2022-04-14T08:59:10","date_gmt":"2022-04-14T13:59:10","guid":{"rendered":"https:\/\/plazajuarez.mx\/?p=211270"},"modified":"2022-04-14T08:59:23","modified_gmt":"2022-04-14T13:59:23","slug":"continua-abierta-la-convocatoria-de-cultura-del-pacmyc-2022","status":"publish","type":"post","link":"https:\/\/plazajuarez.mx\/historico\/continua-abierta-la-convocatoria-de-cultura-del-pacmyc-2022\/","title":{"rendered":"Contin\u00faa abierta la convocatoria de Cultura, del PACMyC 2022"},"content":{"rendered":"\n<p>Contin\u00faa abierta la convocatoria del Programa de Acciones Culturales Multiling\u00fces y Comunitarias (PACMyC), dirigida a grupos informarles de ind\u00edgenas,&nbsp; afrodescendientes, grupos vulnerables o mestizos organizados en colectivos, mayordom\u00edas, cofrad\u00edas, consejos de ancianos, gremios de creadores y\/o creadoras interesados en obtener un apoyo econ\u00f3mico para realizar un proyecto cultural enfocado en el Patrimonio Cultural Inmaterial.&nbsp;<\/p>\n\n\n\n<p>Los proyectos deber\u00e1n estar relacionados con cosmovisiones, pr\u00e1cticas de comunalidad, artes populares, culturas alimentarias, tecnolog\u00edas tradicionales, pedagog\u00edas comunitarias y protecci\u00f3n de los derechos colectivos.&nbsp;<\/p>\n\n\n\n<p>El grupo, que deber\u00e1 tener integrantes mayores de 18 a\u00f1os, deber\u00e1 hacer un escrito con el nombre completo, direcci\u00f3n, n\u00famero telef\u00f3nico, correo electr\u00f3nico, copia de la CURP.<\/p>\n","protected":false},"excerpt":{"rendered":"<p>Contin\u00faa abierta la convocatoria del Programa de Acciones Culturales Multiling\u00fces y Comunitarias (PACMyC), dirigida a grupos informarles de ind\u00edgenas,&nbsp; afrodescendientes, grupos vulnerables o mestizos organizados en colectivos, mayordom\u00edas, cofrad\u00edas, consejos de ancianos, gremios de creadores y\/o creadoras interesados en obtener un apoyo econ\u00f3mico para realizar un proyecto cultural enfocado en el Patrimonio Cultural Inmaterial.&nbsp; Los [&hellip;]<\/p>\n","protected":false},"author":101,"featured_media":211271,"comment_status":"closed","ping_status":"closed","sticky":false,"template":"","format":"standard","meta":{"footnotes":""},"categories":[59,2159],"tags":[],"class_list":["post-211270","post","type-post","status-publish","format-standard","has-post-thumbnail","hentry","category-general","category-noticias-de-hidalgo"],"_links":{"self":[{"href":"https:\/\/plazajuarez.mx\/historico\/wp-json\/wp\/v2\/posts\/211270","targetHints":{"allow":["GET"]}}],"collection":[{"href":"https:\/\/plazajuarez.mx\/historico\/wp-json\/wp\/v2\/posts"}],"about":[{"href":"https:\/\/plazajuarez.mx\/historico\/wp-json\/wp\/v2\/types\/post"}],"author":[{"embeddable":true,"href":"https:\/\/plazajuarez.mx\/historico\/wp-json\/wp\/v2\/users\/101"}],"replies":[{"embeddable":true,"href":"https:\/\/plazajuarez.mx\/historico\/wp-json\/wp\/v2\/comments?post=211270"}],"version-history":[{"count":0,"href":"https:\/\/plazajuarez.mx\/historico\/wp-json\/wp\/v2\/posts\/211270\/revisions"}],"wp:featuredmedia":[{"embeddable":true,"href":"https:\/\/plazajuarez.mx\/historico\/wp-json\/wp\/v2\/media\/211271"}],"wp:attachment":[{"href":"https:\/\/plazajuarez.mx\/historico\/wp-json\/wp\/v2\/media?parent=211270"}],"wp:term":[{"taxonomy":"category","embeddable":true,"href":"https:\/\/plazajuarez.mx\/historico\/wp-json\/wp\/v2\/categories?post=211270"},{"taxonomy":"post_tag","embeddable":true,"href":"https:\/\/plazajuarez.mx\/historico\/wp-json\/wp\/v2\/tags?post=211270"}],"curies":[{"name":"wp","href":"https:\/\/api.w.org\/{rel}","templated":true}]}}