{"id":211267,"date":"2022-04-14T08:57:39","date_gmt":"2022-04-14T13:57:39","guid":{"rendered":"https:\/\/plazajuarez.mx\/?p=211267"},"modified":"2022-04-14T08:57:49","modified_gmt":"2022-04-14T13:57:49","slug":"regresa-lluvia-de-petalos-en-el-chico-tradicion-que-tiene-entre-140-y-150-anos","status":"publish","type":"post","link":"https:\/\/plazajuarez.mx\/historico\/regresa-lluvia-de-petalos-en-el-chico-tradicion-que-tiene-entre-140-y-150-anos\/","title":{"rendered":"Regresa lluvia de p\u00e9talos en El Chico, tradici\u00f3n que tiene entre 140 y 150 a\u00f1os"},"content":{"rendered":"\n<p>Este domingo de resurrecci\u00f3n, 17 de abril, regresar\u00e1 la lluvia de p\u00e9talos en Mineral del Chico, una tradici\u00f3n que tiene entre 140 y 150 a\u00f1os de realizarse y que, debido a la pandemia, ces\u00f3 por dos a\u00f1os.<\/p>\n\n\n\n<p>Armando Monsalvo, encargado y quien lleva 28 a\u00f1os realizando esta celebraci\u00f3n que sus abuelos y padres le legaron, se\u00f1al\u00f3 que logra hacerla en compa\u00f1\u00eda de sus amigos y familiares: \u201cCuando el padre dice \u201cGloria sea al se\u00f1or\u201d en ese momento la iglesia se llena de p\u00e9talos; es algo hermosos y que en 28 a\u00f1os no he podido explicar. Es una emoci\u00f3n que me llena de alegr\u00eda\u201d.&nbsp;<\/p>\n\n\n\n<p>Detall\u00f3 que la celebraci\u00f3n comenz\u00f3 a hacerse por la manda de un minero, quien ten\u00eda enfermo a uno de sus hijos y por ello le dijo a Jes\u00fas: \u201cs\u00e1lvame a mi hijo, y si t\u00fa me lo salvas yo te prometo que cada a\u00f1o te inundo tu parroquia de p\u00e9talos de rosas\u201d, promesa que se sigue cumpliendo.&nbsp;<\/p>\n\n\n\n<p>Este a\u00f1o de Semana Santa se espera la presencia de m\u00e1s de 4 mil personas, quienes presenciar\u00e1n la lluvia de tonelada o tonelada y media de p\u00e9talos que se dividen entre el s\u00e1bado, a las 9:00 de la noche y el domingo, a la 1:00 de la tarde.&nbsp;<\/p>\n\n\n\n<p>Los p\u00e9talos provienen de invernaderos, quienes donas las rosas, aunque este a\u00f1o debido a la escasez se tiene contemplado comprarlas en otros estados como Puebla o Tlaxcala.&nbsp;<\/p>\n\n\n\n<p>Respecto a los turistas, la mayor parte proviene de Pachuca, seguido de la Ciudad de M\u00e9xico, el estado de M\u00e9xico, Puebla, Quer\u00e9taro, e incluso desde Monterrey.<\/p>\n","protected":false},"excerpt":{"rendered":"<p>Este domingo de resurrecci\u00f3n, 17 de abril, regresar\u00e1 la lluvia de p\u00e9talos en Mineral del Chico, una tradici\u00f3n que tiene entre 140 y 150 a\u00f1os de realizarse y que, debido a la pandemia, ces\u00f3 por dos a\u00f1os. Armando Monsalvo, encargado y quien lleva 28 a\u00f1os realizando esta celebraci\u00f3n que sus abuelos y padres le legaron, [&hellip;]<\/p>\n","protected":false},"author":101,"featured_media":211268,"comment_status":"closed","ping_status":"closed","sticky":false,"template":"","format":"standard","meta":{"footnotes":""},"categories":[59,2159],"tags":[],"class_list":["post-211267","post","type-post","status-publish","format-standard","has-post-thumbnail","hentry","category-general","category-noticias-de-hidalgo"],"_links":{"self":[{"href":"https:\/\/plazajuarez.mx\/historico\/wp-json\/wp\/v2\/posts\/211267","targetHints":{"allow":["GET"]}}],"collection":[{"href":"https:\/\/plazajuarez.mx\/historico\/wp-json\/wp\/v2\/posts"}],"about":[{"href":"https:\/\/plazajuarez.mx\/historico\/wp-json\/wp\/v2\/types\/post"}],"author":[{"embeddable":true,"href":"https:\/\/plazajuarez.mx\/historico\/wp-json\/wp\/v2\/users\/101"}],"replies":[{"embeddable":true,"href":"https:\/\/plazajuarez.mx\/historico\/wp-json\/wp\/v2\/comments?post=211267"}],"version-history":[{"count":0,"href":"https:\/\/plazajuarez.mx\/historico\/wp-json\/wp\/v2\/posts\/211267\/revisions"}],"wp:featuredmedia":[{"embeddable":true,"href":"https:\/\/plazajuarez.mx\/historico\/wp-json\/wp\/v2\/media\/211268"}],"wp:attachment":[{"href":"https:\/\/plazajuarez.mx\/historico\/wp-json\/wp\/v2\/media?parent=211267"}],"wp:term":[{"taxonomy":"category","embeddable":true,"href":"https:\/\/plazajuarez.mx\/historico\/wp-json\/wp\/v2\/categories?post=211267"},{"taxonomy":"post_tag","embeddable":true,"href":"https:\/\/plazajuarez.mx\/historico\/wp-json\/wp\/v2\/tags?post=211267"}],"curies":[{"name":"wp","href":"https:\/\/api.w.org\/{rel}","templated":true}]}}