{"id":211263,"date":"2022-04-14T08:52:35","date_gmt":"2022-04-14T13:52:35","guid":{"rendered":"https:\/\/plazajuarez.mx\/?p=211263"},"modified":"2022-04-14T08:52:48","modified_gmt":"2022-04-14T13:52:48","slug":"ningunos-ojos-tienen-la-obligacion-de-ver-sombras","status":"publish","type":"post","link":"https:\/\/plazajuarez.mx\/historico\/ningunos-ojos-tienen-la-obligacion-de-ver-sombras\/","title":{"rendered":"Ningunos ojos tienen la obligaci\u00f3n de ver sombras"},"content":{"rendered":"\n<h2 class=\"wp-block-heading\">LAGUNA DE VOCES<\/h2>\n\n\n\n<p>He visto que el tiempo corre con una prisa inusitada, tanto que angustia, a veces espanta, porque de pronto ni el rechinar de un columpio en el jard\u00edn donde ning\u00fan ni\u00f1o se mece, la lluvia que amenaza pero nunca cae con la fuerza que se anuncia entre tantos truenos, la esperanza que se aleja y se aleja a la misma velocidad que los meses; las noticias de amigas de la universidad que de repente enfermaron y solo por mensajes en el grupo de WhatsApp me entero que tuvieron una reca\u00edda en el c\u00e1ncer, con muy pocas posibilidades de sobrevivencia. <\/p>\n\n\n\n<p>Nada de lo mencionado puede explicar por qu\u00e9 a veces sentimos que la vida se extingue a pasos agigantados, capaces de no conservar la mirada que se anticipaba a las navidades como no sea por ser signo de que nos quedamos un a\u00f1o m\u00e1s aqu\u00ed, en lo que llamamos la \u00fanica realidad que conocemos, y por eso preocupa m\u00e1s, porque a lo mejor no hay otra. <\/p>\n\n\n\n<p>Y luego entonces quedarnos dormidos, como cuando nos anestesian en una operaci\u00f3n y no sabemos si abrimos los ojos en el mismo lugar y con la misma gente, o son personajes nuevamente creados, pero con la capacidad de recordar lo que nosotros no. <\/p>\n\n\n\n<p>A todos, seguramente no me equivoco, nos lleva de frente a una profunda y poco optimista reflexi\u00f3n, contemplar que algo dej\u00f3 de marchar bien con el tiempo. He consultado a quien se me cruza en el camino sobre ese asunto, y para sorpresa m\u00eda, coinciden con frecuencia en que no es el mismo de antes, al contrario, es m\u00e1s melindroso porque nada le gusta, m\u00e1s f\u00fanebre porque no para de hablar sobre la muerte, carente de toda esperanza porque se cans\u00f3 de transcurrir a un mismo ritmo, y de pronto corre, luego se detiene, luego se desaparece, pero regresa para apurar el rumbo qui\u00e9n sabe para d\u00f3nde. <\/p>\n\n\n\n<p>El problema lo padecen los de m\u00e1s edad, lo sufren como condenados, porque los escenarios por los que caminaban, de un d\u00eda para otro ya no est\u00e1n. Es decir que, si somos suertudos, aunque la verdad al final resulta ser una maldici\u00f3n, seremos los que sobrevivan a todos y desde ese punto de vista, la verdad no vale la pena ser casi eternos, porque no hay nada interesante qu\u00e9 hacer. <\/p>\n\n\n\n<p>A menudo le importa muy poco lo que pensemos, menos lo que opinemos a los que son j\u00f3venes, llega el momento incluso en que los hartamos con nuestra m\u00fasica, las lecturas, la visi\u00f3n pesimista y preocupona de todo y nada. <\/p>\n\n\n\n<p>Simplemente lo que nosotros vimos y hasta admiramos les tienen sin cuidado, igual que cuando pap\u00e1, abuelo, evocaban emocionados lo que en su juventud les llenaba de gusto, de nostalgia, de esperanza. Es el tiempo, pero resulta que somos nosotros, y si uno no lo reconoce pues peor, el que se afecta, se lamenta, se entristece es el que lo vive, los dem\u00e1s no, un poco los hijos, quienes nos aman porque se saben parte absoluta de esa realidad. <\/p>\n\n\n\n<p>Pero el hecho es que cuando abril ya se marcha, ya casi, de pronto vemos que llega mayo, luego junio y eso significa la mitad del 2022, que de nuevo nos agarra incapaces de completar uno solo de nuestros planes del a\u00f1o, uno solo de los sue\u00f1os que, empezamos a creer, se ir\u00e1n con nosotros cuando nos toque tomar el \u00faltimo vag\u00f3n del tren donde sin embargo hemos sido felices. <\/p>\n\n\n\n<p>El problema es, insisto, en que cada vez conocemos a menos pasajeros, porque los hay que de pronto un d\u00eda desaparecieron sin oportunidad por lo menos de decir adi\u00f3s; otros se durmieron quietos, silenciosos; otros no tanto; pero el asunto central es ese, y sinceramente nos preocupa porque, aunque saludemos con amabilidad a las nuevas caras, nuevos rostros, siempre descubrimos que muy adentro se dicen: \u201c\u00bfy \u00e9se qui\u00e9n ser\u00e1, por qu\u00e9 sigue aqu\u00ed?\u201d.<\/p>\n\n\n\n<p>Mucho me temo que cuando eso sucede, o una de dos: o ya nos morimos y sin sentirlo nos convertimos en fantasmas, o los ojos nuevos no logran ver la sombra de nadie.<\/p>\n\n\n\n<p>Mil gracias, hasta ma\u00f1ana.<\/p>\n\n\n\n<p><a href=\"mailto:jeperalta@plazajuarez.mx\/historico\/historico\">jeperalta@plazajuarez.mx\/historico\/historico<\/a><\/p>\n\n\n\n<p>@JavierEPeralta<\/p>\n","protected":false},"excerpt":{"rendered":"<p>LAGUNA DE VOCES He visto que el tiempo corre con una prisa inusitada, tanto que angustia, a veces espanta, porque de pronto ni el rechinar de un columpio en el jard\u00edn donde ning\u00fan ni\u00f1o se mece, la lluvia que amenaza pero nunca cae con la fuerza que se anuncia entre tantos truenos, la esperanza que [&hellip;]<\/p>\n","protected":false},"author":10,"featured_media":208510,"comment_status":"closed","ping_status":"closed","sticky":false,"template":"","format":"standard","meta":{"footnotes":""},"categories":[49,42],"tags":[],"class_list":["post-211263","post","type-post","status-publish","format-standard","has-post-thumbnail","hentry","category-javier-peralta","category-nuestrapalabra"],"_links":{"self":[{"href":"https:\/\/plazajuarez.mx\/historico\/wp-json\/wp\/v2\/posts\/211263","targetHints":{"allow":["GET"]}}],"collection":[{"href":"https:\/\/plazajuarez.mx\/historico\/wp-json\/wp\/v2\/posts"}],"about":[{"href":"https:\/\/plazajuarez.mx\/historico\/wp-json\/wp\/v2\/types\/post"}],"author":[{"embeddable":true,"href":"https:\/\/plazajuarez.mx\/historico\/wp-json\/wp\/v2\/users\/10"}],"replies":[{"embeddable":true,"href":"https:\/\/plazajuarez.mx\/historico\/wp-json\/wp\/v2\/comments?post=211263"}],"version-history":[{"count":0,"href":"https:\/\/plazajuarez.mx\/historico\/wp-json\/wp\/v2\/posts\/211263\/revisions"}],"wp:featuredmedia":[{"embeddable":true,"href":"https:\/\/plazajuarez.mx\/historico\/wp-json\/wp\/v2\/media\/208510"}],"wp:attachment":[{"href":"https:\/\/plazajuarez.mx\/historico\/wp-json\/wp\/v2\/media?parent=211263"}],"wp:term":[{"taxonomy":"category","embeddable":true,"href":"https:\/\/plazajuarez.mx\/historico\/wp-json\/wp\/v2\/categories?post=211263"},{"taxonomy":"post_tag","embeddable":true,"href":"https:\/\/plazajuarez.mx\/historico\/wp-json\/wp\/v2\/tags?post=211263"}],"curies":[{"name":"wp","href":"https:\/\/api.w.org\/{rel}","templated":true}]}}