{"id":211196,"date":"2022-04-13T10:15:58","date_gmt":"2022-04-13T15:15:58","guid":{"rendered":"https:\/\/plazajuarez.mx\/?p=211196"},"modified":"2022-04-13T10:16:10","modified_gmt":"2022-04-13T15:16:10","slug":"j-balvin-anuncia-la-suspension-de-su-gira-por-eeuu-debido-a-la-covid-19","status":"publish","type":"post","link":"https:\/\/plazajuarez.mx\/historico\/j-balvin-anuncia-la-suspension-de-su-gira-por-eeuu-debido-a-la-covid-19\/","title":{"rendered":"J Balvin anuncia la suspensi\u00f3n de su gira por EEUU debido a la covid-19"},"content":{"rendered":"\n<p>El cantante colombiano J Balvin anunci\u00f3 este martes la suspensi\u00f3n de su gira en Estados Unidos &#8220;Jos\u00e9&#8221;, que estaba prevista empezar el pr\u00f3ximo 19 de abril, a causa de &#8220;desaf\u00edos de producci\u00f3n imprevistos&#8221; relacionados con la pandemia de la covid-19.<\/p>\n\n\n\n<p>Seg\u00fan inform\u00f3 el propio cantante de m\u00fasica urbana en su cuenta de Instagrama, esas dificultades le impiden ofrecer a sus seguidores &#8220;el mejor espect\u00e1culo posible&#8221;, ante lo que se ve obligado a la &#8220;dif\u00edcil decisi\u00f3n&#8221; de aplazar hasta nuevo aviso el tour que iba a arrancar en San Antonio (Texas) y comprend\u00eda un total de 27 fechas.<\/p>\n\n\n\n<p>&#8220;Me siento agradecido por todo su amor y apoyo y a la misma vez estoy muy emocionado por reencontrarme con cada uno de ustedes en el camino para celebrar juntos y continuar con las vibras en alta&#8221;, se\u00f1al\u00f3 el colombiano en un mensaje en espa\u00f1ol e ingl\u00e9s.<\/p>\n\n\n\n<p>El int\u00e9rprete manifest\u00f3 que junto a su equipo trabaja en cada detalle y que espera en las &#8220;pr\u00f3ximas semanas&#8221; dar a conocer las nuevas fechas de la gira estadounidense, para la cual las entradas seguir\u00e1n valiendo.<\/p>\n\n\n\n<p>El tour &#8220;Jos\u00e9&#8221;, anunciado el septiembre del a\u00f1o pasado, iba a concluir el pr\u00f3ximo 4 de junio en San Juan, Puerto Rico, tras una ruta que inclu\u00eda las principales ciudades estadounidenses, adem\u00e1s de las canadienses Montreal y Toronto.<\/p>\n\n\n\n<p>El anuncio se da luego de que el \u00faltimo sencillo del colombiano, &#8220;Sigue&#8221;, junto a Ed Sheeran, se encaram\u00f3 al n\u00famero uno de la lista Latin Airplay de Billboard, el trig\u00e9simo quinto n\u00famero uno que J Balvin logra en las clasificaciones de esta revista especializada.<\/p>\n\n\n\n<p>Antes de eso, el pasado mes J Balvin fue objeto de cr\u00edticas por parte del puertorrique\u00f1o Residente en una &#8220;tiradera&#8221;, como se conoce a las canciones de la m\u00fasica urbana que con sus letras atacan a una persona o situaci\u00f3n en particular.<\/p>\n\n\n\n<p>Las disputas entre Residente y J Balvin se remontan al a\u00f1o 2021, cuando el colombiano sugiri\u00f3 un boicot a la ceremonia de los premios Latin Grammy de ese a\u00f1o.<\/p>\n\n\n\n<p>El aumento de contagios de la covid-19 motiv\u00f3 que el lunes, la ciudad de Filadelfia (Pensilvania, EE.UU.) se convirtiera en la primera gran urbe de Estados Unidos que vuelve a imponer el uso de mascarillas en interiores.<\/p>\n","protected":false},"excerpt":{"rendered":"<p>El cantante colombiano J Balvin anunci\u00f3 este martes la suspensi\u00f3n de su gira en Estados Unidos &#8220;Jos\u00e9&#8221;, que estaba prevista empezar el pr\u00f3ximo 19 de abril, a causa de &#8220;desaf\u00edos de producci\u00f3n imprevistos&#8221; relacionados con la pandemia de la covid-19. Seg\u00fan inform\u00f3 el propio cantante de m\u00fasica urbana en su cuenta de Instagrama, esas dificultades [&hellip;]<\/p>\n","protected":false},"author":80,"featured_media":211197,"comment_status":"closed","ping_status":"closed","sticky":false,"template":"","format":"standard","meta":{"footnotes":""},"categories":[38],"tags":[],"class_list":["post-211196","post","type-post","status-publish","format-standard","has-post-thumbnail","hentry","category-show"],"_links":{"self":[{"href":"https:\/\/plazajuarez.mx\/historico\/wp-json\/wp\/v2\/posts\/211196","targetHints":{"allow":["GET"]}}],"collection":[{"href":"https:\/\/plazajuarez.mx\/historico\/wp-json\/wp\/v2\/posts"}],"about":[{"href":"https:\/\/plazajuarez.mx\/historico\/wp-json\/wp\/v2\/types\/post"}],"author":[{"embeddable":true,"href":"https:\/\/plazajuarez.mx\/historico\/wp-json\/wp\/v2\/users\/80"}],"replies":[{"embeddable":true,"href":"https:\/\/plazajuarez.mx\/historico\/wp-json\/wp\/v2\/comments?post=211196"}],"version-history":[{"count":0,"href":"https:\/\/plazajuarez.mx\/historico\/wp-json\/wp\/v2\/posts\/211196\/revisions"}],"wp:featuredmedia":[{"embeddable":true,"href":"https:\/\/plazajuarez.mx\/historico\/wp-json\/wp\/v2\/media\/211197"}],"wp:attachment":[{"href":"https:\/\/plazajuarez.mx\/historico\/wp-json\/wp\/v2\/media?parent=211196"}],"wp:term":[{"taxonomy":"category","embeddable":true,"href":"https:\/\/plazajuarez.mx\/historico\/wp-json\/wp\/v2\/categories?post=211196"},{"taxonomy":"post_tag","embeddable":true,"href":"https:\/\/plazajuarez.mx\/historico\/wp-json\/wp\/v2\/tags?post=211196"}],"curies":[{"name":"wp","href":"https:\/\/api.w.org\/{rel}","templated":true}]}}