{"id":211183,"date":"2022-04-13T09:57:12","date_gmt":"2022-04-13T14:57:12","guid":{"rendered":"https:\/\/plazajuarez.mx\/?p=211183"},"modified":"2022-04-13T09:57:22","modified_gmt":"2022-04-13T14:57:22","slug":"de-luisa-pide-a-fifa-castigar-a-quien-haga-actos-discriminatorios","status":"publish","type":"post","link":"https:\/\/plazajuarez.mx\/historico\/de-luisa-pide-a-fifa-castigar-a-quien-haga-actos-discriminatorios\/","title":{"rendered":"De Luisa pide a FIFA castigar a quien haga actos discriminatorios"},"content":{"rendered":"\n<p>Yon de Luisa, presidente de la Federaci\u00f3n Mexicana de Futbol, dio a conocer que se est\u00e1 en tratos con la FIFA para que el futbol mexicano ya nos sea castigado por las manifestaciones discriminatorias. O sea el grito de &#8220;Eeeh put\u2026&#8221;.<br><br>En conferencia de prensa, De Luisa mencion\u00f3 que el proceso que se abri\u00f3 ante el Tribunal de Arbitraje Deportivo Internacional (TAS), sigue vigente, pero la FIFA parece que ha comprendido que se debe de castigar a quienes \u00a0emiten esas manifestaciones.\u00a0&#8220;El recurso que interpusimos ante el TAS, sigue su curso, igual puede durar 10 meses&#8221;, dijo el directivo.<br><br>La Federaci\u00f3n Mexicana de Futbol fue multada y castigada con juegos de la Selecci\u00f3n Mayor a puerta cerrada, por mal comportamiento de su afici\u00f3n.<\/p>\n","protected":false},"excerpt":{"rendered":"<p>Yon de Luisa, presidente de la Federaci\u00f3n Mexicana de Futbol, dio a conocer que se est\u00e1 en tratos con la FIFA para que el futbol mexicano ya nos sea castigado por las manifestaciones discriminatorias. O sea el grito de &#8220;Eeeh put\u2026&#8221;. En conferencia de prensa, De Luisa mencion\u00f3 que el proceso que se abri\u00f3 ante [&hellip;]<\/p>\n","protected":false},"author":81,"featured_media":211184,"comment_status":"closed","ping_status":"closed","sticky":false,"template":"","format":"standard","meta":{"footnotes":""},"categories":[39],"tags":[],"class_list":["post-211183","post","type-post","status-publish","format-standard","has-post-thumbnail","hentry","category-deportiva"],"_links":{"self":[{"href":"https:\/\/plazajuarez.mx\/historico\/wp-json\/wp\/v2\/posts\/211183","targetHints":{"allow":["GET"]}}],"collection":[{"href":"https:\/\/plazajuarez.mx\/historico\/wp-json\/wp\/v2\/posts"}],"about":[{"href":"https:\/\/plazajuarez.mx\/historico\/wp-json\/wp\/v2\/types\/post"}],"author":[{"embeddable":true,"href":"https:\/\/plazajuarez.mx\/historico\/wp-json\/wp\/v2\/users\/81"}],"replies":[{"embeddable":true,"href":"https:\/\/plazajuarez.mx\/historico\/wp-json\/wp\/v2\/comments?post=211183"}],"version-history":[{"count":0,"href":"https:\/\/plazajuarez.mx\/historico\/wp-json\/wp\/v2\/posts\/211183\/revisions"}],"wp:featuredmedia":[{"embeddable":true,"href":"https:\/\/plazajuarez.mx\/historico\/wp-json\/wp\/v2\/media\/211184"}],"wp:attachment":[{"href":"https:\/\/plazajuarez.mx\/historico\/wp-json\/wp\/v2\/media?parent=211183"}],"wp:term":[{"taxonomy":"category","embeddable":true,"href":"https:\/\/plazajuarez.mx\/historico\/wp-json\/wp\/v2\/categories?post=211183"},{"taxonomy":"post_tag","embeddable":true,"href":"https:\/\/plazajuarez.mx\/historico\/wp-json\/wp\/v2\/tags?post=211183"}],"curies":[{"name":"wp","href":"https:\/\/api.w.org\/{rel}","templated":true}]}}