{"id":211168,"date":"2022-04-13T09:31:22","date_gmt":"2022-04-13T14:31:22","guid":{"rendered":"https:\/\/plazajuarez.mx\/?p=211168"},"modified":"2022-04-13T09:31:31","modified_gmt":"2022-04-13T14:31:31","slug":"choca-auto-clasico-contra-columna-de-tabique","status":"publish","type":"post","link":"https:\/\/plazajuarez.mx\/historico\/choca-auto-clasico-contra-columna-de-tabique\/","title":{"rendered":"Choca auto cl\u00e1sico contra columna de tabique"},"content":{"rendered":"\n<p>Tulancingo de Bravo.- El conductor de un autom\u00f3vil Chrysler Barracuda, termin\u00f3 impact\u00e1ndose contra un arco en la esquina de las calles 21 de Marzo y San Luis, la noche del pasado lunes 11 de abril.<\/p>\n\n\n\n<p>De acuerdo con informaci\u00f3n de la Secretar\u00eda de Seguridad Ciudadana de Tulancingo, el d\u00eda citado, a las 21:25 horas aproximadamente, recibieron reportes donde indicaban que el conductor de un autom\u00f3vil color rojo estaba realizando arrancones en las inmediaciones de la parroquia de La Virgen de Los \u00c1ngeles.<\/p>\n\n\n\n<p>El conductor del auto, al notar la presencia de los elementos de Movilidad y Transporte, intent\u00f3 darse a la fuga, por lo que inici\u00f3 una persecuci\u00f3n.<\/p>\n\n\n\n<p>El autom\u00f3vil Chrysler, Barracuda, modelo 1968 con placas MUT 8627, termin\u00f3 impactado en el arco de tabique de la mencionada esquina, luego de que el conductor en su intento de fugarse, impactando previamente a una patrulla.<\/p>\n\n\n\n<p>El conductor de iniciales A.G.H., con domicilio en Tulancingo, Hidalgo, conduc\u00eda en presunto estado de ebriedad, por lo que fue detenido y trasladado al cuartel general de Seguridad P\u00fablica para su tr\u00e1mite correspondiente.<\/p>\n","protected":false},"excerpt":{"rendered":"<p>Tulancingo de Bravo.- El conductor de un autom\u00f3vil Chrysler Barracuda, termin\u00f3 impact\u00e1ndose contra un arco en la esquina de las calles 21 de Marzo y San Luis, la noche del pasado lunes 11 de abril. De acuerdo con informaci\u00f3n de la Secretar\u00eda de Seguridad Ciudadana de Tulancingo, el d\u00eda citado, a las 21:25 horas aproximadamente, [&hellip;]<\/p>\n","protected":false},"author":70,"featured_media":211169,"comment_status":"closed","ping_status":"closed","sticky":false,"template":"","format":"standard","meta":{"footnotes":""},"categories":[2159,40],"tags":[],"class_list":["post-211168","post","type-post","status-publish","format-standard","has-post-thumbnail","hentry","category-noticias-de-hidalgo","category-region"],"_links":{"self":[{"href":"https:\/\/plazajuarez.mx\/historico\/wp-json\/wp\/v2\/posts\/211168","targetHints":{"allow":["GET"]}}],"collection":[{"href":"https:\/\/plazajuarez.mx\/historico\/wp-json\/wp\/v2\/posts"}],"about":[{"href":"https:\/\/plazajuarez.mx\/historico\/wp-json\/wp\/v2\/types\/post"}],"author":[{"embeddable":true,"href":"https:\/\/plazajuarez.mx\/historico\/wp-json\/wp\/v2\/users\/70"}],"replies":[{"embeddable":true,"href":"https:\/\/plazajuarez.mx\/historico\/wp-json\/wp\/v2\/comments?post=211168"}],"version-history":[{"count":0,"href":"https:\/\/plazajuarez.mx\/historico\/wp-json\/wp\/v2\/posts\/211168\/revisions"}],"wp:featuredmedia":[{"embeddable":true,"href":"https:\/\/plazajuarez.mx\/historico\/wp-json\/wp\/v2\/media\/211169"}],"wp:attachment":[{"href":"https:\/\/plazajuarez.mx\/historico\/wp-json\/wp\/v2\/media?parent=211168"}],"wp:term":[{"taxonomy":"category","embeddable":true,"href":"https:\/\/plazajuarez.mx\/historico\/wp-json\/wp\/v2\/categories?post=211168"},{"taxonomy":"post_tag","embeddable":true,"href":"https:\/\/plazajuarez.mx\/historico\/wp-json\/wp\/v2\/tags?post=211168"}],"curies":[{"name":"wp","href":"https:\/\/api.w.org\/{rel}","templated":true}]}}