{"id":211164,"date":"2022-04-13T09:29:51","date_gmt":"2022-04-13T14:29:51","guid":{"rendered":"https:\/\/plazajuarez.mx\/?p=211164"},"modified":"2022-04-13T09:29:59","modified_gmt":"2022-04-13T14:29:59","slug":"nuevos-nombramientos-en-proteccion-civil-y-bomberos","status":"publish","type":"post","link":"https:\/\/plazajuarez.mx\/historico\/nuevos-nombramientos-en-proteccion-civil-y-bomberos\/","title":{"rendered":"Nuevos nombramientos en Protecci\u00f3n Civil y Bomberos"},"content":{"rendered":"\n<p>El gobierno municipal de Tula de Allende, realiz\u00f3 nuevos nombramientos en el \u00e1rea de Protecci\u00f3n Civil, que a continuaci\u00f3n se informan: Lidizeth Ivonne Mart\u00ednez Mart\u00ednez, asumir\u00e1 la Direcci\u00f3n General de Protecci\u00f3n Civil y Bomberos.<\/p>\n\n\n\n<p>As\u00ed tambi\u00e9n se integr\u00f3, Viridiana Reyes Pintor, como coordinadora de Planeaci\u00f3n y Normatividad de dicha \u00e1rea, con el objetivo de mejorar y regular todos los procesos administrativos y, a su vez se incorpor\u00f3 Luis \u00c1ngel Trejo Mendoza, como representante Jur\u00eddico, a fin de normar los procesos legales.<\/p>\n\n\n\n<p>Mientras que Ignacio Rojas Mart\u00ednez, quien fuera director de Protecci\u00f3n Civil y Bomberos, fungir\u00e1 como coordinador Operativo de Direcci\u00f3n.<\/p>\n","protected":false},"excerpt":{"rendered":"<p>El gobierno municipal de Tula de Allende, realiz\u00f3 nuevos nombramientos en el \u00e1rea de Protecci\u00f3n Civil, que a continuaci\u00f3n se informan: Lidizeth Ivonne Mart\u00ednez Mart\u00ednez, asumir\u00e1 la Direcci\u00f3n General de Protecci\u00f3n Civil y Bomberos. As\u00ed tambi\u00e9n se integr\u00f3, Viridiana Reyes Pintor, como coordinadora de Planeaci\u00f3n y Normatividad de dicha \u00e1rea, con el objetivo de mejorar [&hellip;]<\/p>\n","protected":false},"author":93,"featured_media":211165,"comment_status":"closed","ping_status":"closed","sticky":false,"template":"","format":"standard","meta":{"footnotes":""},"categories":[2159,40],"tags":[],"class_list":["post-211164","post","type-post","status-publish","format-standard","has-post-thumbnail","hentry","category-noticias-de-hidalgo","category-region"],"_links":{"self":[{"href":"https:\/\/plazajuarez.mx\/historico\/wp-json\/wp\/v2\/posts\/211164","targetHints":{"allow":["GET"]}}],"collection":[{"href":"https:\/\/plazajuarez.mx\/historico\/wp-json\/wp\/v2\/posts"}],"about":[{"href":"https:\/\/plazajuarez.mx\/historico\/wp-json\/wp\/v2\/types\/post"}],"author":[{"embeddable":true,"href":"https:\/\/plazajuarez.mx\/historico\/wp-json\/wp\/v2\/users\/93"}],"replies":[{"embeddable":true,"href":"https:\/\/plazajuarez.mx\/historico\/wp-json\/wp\/v2\/comments?post=211164"}],"version-history":[{"count":0,"href":"https:\/\/plazajuarez.mx\/historico\/wp-json\/wp\/v2\/posts\/211164\/revisions"}],"wp:featuredmedia":[{"embeddable":true,"href":"https:\/\/plazajuarez.mx\/historico\/wp-json\/wp\/v2\/media\/211165"}],"wp:attachment":[{"href":"https:\/\/plazajuarez.mx\/historico\/wp-json\/wp\/v2\/media?parent=211164"}],"wp:term":[{"taxonomy":"category","embeddable":true,"href":"https:\/\/plazajuarez.mx\/historico\/wp-json\/wp\/v2\/categories?post=211164"},{"taxonomy":"post_tag","embeddable":true,"href":"https:\/\/plazajuarez.mx\/historico\/wp-json\/wp\/v2\/tags?post=211164"}],"curies":[{"name":"wp","href":"https:\/\/api.w.org\/{rel}","templated":true}]}}