{"id":211138,"date":"2022-04-13T08:03:49","date_gmt":"2022-04-13T13:03:49","guid":{"rendered":"https:\/\/plazajuarez.mx\/?p=211138"},"modified":"2022-04-13T08:04:01","modified_gmt":"2022-04-13T13:04:01","slug":"la-semana-santa-y-las-campanas","status":"publish","type":"post","link":"https:\/\/plazajuarez.mx\/historico\/la-semana-santa-y-las-campanas\/","title":{"rendered":"LA SEMANA SANTA\u00a0Y LAS CAMPA\u00d1AS"},"content":{"rendered":"\n<h2 class=\"wp-block-heading\">ALFIL NEGRO<\/h2>\n\n\n\n<p>Estamos ya en la Semana Santa que se inici\u00f3 con el Domingo de Ramos y culmina con el Domingo siguiente, de Resurrecci\u00f3n, con un alto contenido de religiosidad y fe de la mayor\u00eda de los hidalguenses que de acuerdo al Instituto Nacional de Estad\u00edstica y Geograf\u00eda (INEGI), se declara cat\u00f3lico en un 80 por ciento, que es la mayor\u00eda.<\/p>\n\n\n\n<p>El Quijote, la obra inmortal de Cervantes, aconseja no meterse con la iglesia porque se tocan sentimientos que tienen que ver con asuntos de creencia y m\u00e1s profundamente de la fe, cuando dice &#8220;con la iglesia hemos topado Sancho&#8221;, adem\u00e1s de que las p\u00e1ginas de nuestra historia hablan de lo que pasa cuando se dan enfrentamientos entre la pol\u00edtica y la fe.<\/p>\n\n\n\n<p><strong>Generalmente triunfa la fe<\/strong><\/p>\n\n\n\n<p>En Hidalgo y en otros cinco estados vivimos tiempo de campa\u00f1as por la gubernatura del estado y se plantea la disyuntiva \u00bfse sigue en las campa\u00f1as, sobre todo los d\u00edas jueves y viernes que son los D\u00edas Santos o se abre un comp\u00e1s de espera como signo de respeto a la fe popular?<\/p>\n\n\n\n<p>Ya vimos lo que pasa cuando se pretende competir por asunto pol\u00edtico con un d\u00eda sagrado como el Domingo de Ramos, que se us\u00f3 para la consulta de revocaci\u00f3n de mandato con los resultados que todos conocen, en el que parece que todos pierden, menos el Nazareno que entr\u00f3 triunfante otra vez en Jerusal\u00e9n.<\/p>\n\n\n\n<p>Ahora son los Jueves y Viernes Santos.<\/p>\n\n\n\n<p>Los candidatos deben decidir sobre el tema.<\/p>\n\n\n\n<p>Parece f\u00e1cil y dif\u00edcil al mismo tiempo.<\/p>\n\n\n\n<p>En todo caso, no ser\u00eda malo echarle una pensada para decidir lo mejor.<\/p>\n","protected":false},"excerpt":{"rendered":"<p>ALFIL NEGRO Estamos ya en la Semana Santa que se inici\u00f3 con el Domingo de Ramos y culmina con el Domingo siguiente, de Resurrecci\u00f3n, con un alto contenido de religiosidad y fe de la mayor\u00eda de los hidalguenses que de acuerdo al Instituto Nacional de Estad\u00edstica y Geograf\u00eda (INEGI), se declara cat\u00f3lico en un 80 [&hellip;]<\/p>\n","protected":false},"author":83,"featured_media":208526,"comment_status":"closed","ping_status":"closed","sticky":false,"template":"","format":"standard","meta":{"footnotes":""},"categories":[48,42],"tags":[],"class_list":["post-211138","post","type-post","status-publish","format-standard","has-post-thumbnail","hentry","category-adalberto-peralta","category-nuestrapalabra"],"_links":{"self":[{"href":"https:\/\/plazajuarez.mx\/historico\/wp-json\/wp\/v2\/posts\/211138","targetHints":{"allow":["GET"]}}],"collection":[{"href":"https:\/\/plazajuarez.mx\/historico\/wp-json\/wp\/v2\/posts"}],"about":[{"href":"https:\/\/plazajuarez.mx\/historico\/wp-json\/wp\/v2\/types\/post"}],"author":[{"embeddable":true,"href":"https:\/\/plazajuarez.mx\/historico\/wp-json\/wp\/v2\/users\/83"}],"replies":[{"embeddable":true,"href":"https:\/\/plazajuarez.mx\/historico\/wp-json\/wp\/v2\/comments?post=211138"}],"version-history":[{"count":0,"href":"https:\/\/plazajuarez.mx\/historico\/wp-json\/wp\/v2\/posts\/211138\/revisions"}],"wp:featuredmedia":[{"embeddable":true,"href":"https:\/\/plazajuarez.mx\/historico\/wp-json\/wp\/v2\/media\/208526"}],"wp:attachment":[{"href":"https:\/\/plazajuarez.mx\/historico\/wp-json\/wp\/v2\/media?parent=211138"}],"wp:term":[{"taxonomy":"category","embeddable":true,"href":"https:\/\/plazajuarez.mx\/historico\/wp-json\/wp\/v2\/categories?post=211138"},{"taxonomy":"post_tag","embeddable":true,"href":"https:\/\/plazajuarez.mx\/historico\/wp-json\/wp\/v2\/tags?post=211138"}],"curies":[{"name":"wp","href":"https:\/\/api.w.org\/{rel}","templated":true}]}}