{"id":21101,"date":"2016-05-13T11:50:51","date_gmt":"2016-05-13T11:50:51","guid":{"rendered":"http:\/\/plazajuarez.mx\/index\/index.php\/2016\/05\/13\/mirna-hernandez-si-asistira-al-debate\/"},"modified":"2016-05-13T11:50:51","modified_gmt":"2016-05-13T11:50:51","slug":"mirna-hernandez-si-asistira-al-debate","status":"publish","type":"post","link":"https:\/\/plazajuarez.mx\/historico\/mirna-hernandez-si-asistira-al-debate\/","title":{"rendered":"Mirna Hern\u00e1ndez s\u00ed asistir\u00e1 al debate"},"content":{"rendered":"<p>\u00a0A FIN DE CONTRIBUIR AL EJERCICIO DEMOCR\u00c1TICO\u00a0\u00a0 <\/p>\n<ul>\n<li>Candidata del PRI a alcald\u00eda de Pachuca confirm\u00f3 su asiduidad al debate que, tentativamente, se realizar\u00e1 el 21 de mayo; asever\u00f3 que no hab\u00eda recibido directamente\u00a0 invitaci\u00f3n <!--more--> <\/li>\n<\/ul>\n<p>La candidata a la presidencia municipal de Pachuca por el Partido Revolucionario Institucional (PRI), Mirna Hern\u00e1ndez Morales, inform\u00f3 que est\u00e1 en toda la disposici\u00f3n de acudir al debate que se realizar\u00e1 \u201ctentativamente\u201d el pr\u00f3ximo 21 de mayo, a fin de contribuir al ejercicio democr\u00e1tico mediante el cual la poblaci\u00f3n \u201cno s\u00f3lo conocer\u00e1 a los candidatos y a las candidatas, sino que podr\u00e1n conocer nuestras propuestas\u201d, dijo.<\/p>\n<p>\u00a0<\/p>\n<p>Y agreg\u00f3 \u201cestamos en la mejor disposici\u00f3n para poder participar, yo creo que es un ejercicio democr\u00e1tico al que tiene derecho la ciudadan\u00eda, conocer las propuestas de los que aspiramos a convertirnos en sus representantes. Ya que esto es lo que va a permitir un voto razonado y apegado a la realidad\u201d.<\/p>\n<p>\u00a0<\/p>\n<p>De igual forma apunt\u00f3 que contestar\u00eda la invitaci\u00f3n y agreg\u00f3 que con un c\u00famulo de propuestas, est\u00e1 lista para debatir, ya que su campa\u00f1a comenz\u00f3 con cinco proposiciones genuinas, emanadas de su plataforma pol\u00edtica, y que las que completan los 40 planteamientos para su campa\u00f1a se han recolectado del sentir y la expresi\u00f3n de la misma ciudadan\u00eda.<\/p>\n<p>\u00a0<\/p>\n<p>Por otra parte, y referente a la campa\u00f1a de propuestas de soluci\u00f3n, la candidata reconoci\u00f3 el trabajo hecho por Eleazar Garc\u00eda S\u00e1nchez, sin embargo, apunt\u00f3 que de llegar a la presidencia municipal, el tema de los parqu\u00edmetros \u201cva para atr\u00e1s\u201d, ya que la ciudadan\u00eda no quiere m\u00e1s etapas de este proyecto.<\/p>\n<p>\u00a0<\/p>\n<p>Puntualiz\u00f3 que las decisiones tomadas por el actual presidente municipal en los temas de: parqu\u00edmetros, Plaza Independencia, recolecci\u00f3n de basura y despidos injustificados de personal, no afectar\u00e1n ni incidir\u00e1n en la votaci\u00f3n del pr\u00f3ximo 5 de junio, ya que por eso ha hecho una campa\u00f1a de acercamiento con la gente, \u201cescuchando propuestas y buscando soluciones\u201d.<\/p>\n","protected":false},"excerpt":{"rendered":"<p>\u00a0A FIN DE CONTRIBUIR AL EJERCICIO DEMOCR\u00c1TICO\u00a0\u00a0 Candidata del PRI a alcald\u00eda de Pachuca confirm\u00f3 su asiduidad al debate que, tentativamente, se realizar\u00e1 el 21 de mayo; asever\u00f3 que no hab\u00eda recibido directamente\u00a0 invitaci\u00f3n<\/p>\n","protected":false},"author":93,"featured_media":0,"comment_status":"open","ping_status":"open","sticky":false,"template":"","format":"standard","meta":{"footnotes":""},"categories":[62],"tags":[],"class_list":["post-21101","post","type-post","status-publish","format-standard","hentry","category-pachuca"],"_links":{"self":[{"href":"https:\/\/plazajuarez.mx\/historico\/wp-json\/wp\/v2\/posts\/21101","targetHints":{"allow":["GET"]}}],"collection":[{"href":"https:\/\/plazajuarez.mx\/historico\/wp-json\/wp\/v2\/posts"}],"about":[{"href":"https:\/\/plazajuarez.mx\/historico\/wp-json\/wp\/v2\/types\/post"}],"author":[{"embeddable":true,"href":"https:\/\/plazajuarez.mx\/historico\/wp-json\/wp\/v2\/users\/93"}],"replies":[{"embeddable":true,"href":"https:\/\/plazajuarez.mx\/historico\/wp-json\/wp\/v2\/comments?post=21101"}],"version-history":[{"count":0,"href":"https:\/\/plazajuarez.mx\/historico\/wp-json\/wp\/v2\/posts\/21101\/revisions"}],"wp:attachment":[{"href":"https:\/\/plazajuarez.mx\/historico\/wp-json\/wp\/v2\/media?parent=21101"}],"wp:term":[{"taxonomy":"category","embeddable":true,"href":"https:\/\/plazajuarez.mx\/historico\/wp-json\/wp\/v2\/categories?post=21101"},{"taxonomy":"post_tag","embeddable":true,"href":"https:\/\/plazajuarez.mx\/historico\/wp-json\/wp\/v2\/tags?post=21101"}],"curies":[{"name":"wp","href":"https:\/\/api.w.org\/{rel}","templated":true}]}}