{"id":210990,"date":"2022-04-12T08:47:33","date_gmt":"2022-04-12T13:47:33","guid":{"rendered":"https:\/\/plazajuarez.mx\/?p=210990"},"modified":"2022-04-12T08:47:50","modified_gmt":"2022-04-12T13:47:50","slug":"quienes-al-gabinete","status":"publish","type":"post","link":"https:\/\/plazajuarez.mx\/historico\/quienes-al-gabinete\/","title":{"rendered":"\u00bfQUI\u00c9NES AL GABINETE?"},"content":{"rendered":"\n<h2 class=\"wp-block-heading\">ALFIL NEGRO<\/h2>\n\n\n\n<p>Los d\u00edas de campa\u00f1a caminan aprisa y ya s\u00f3lo quedan 50 de los 60 que se tienen para esta actividad como espacio para llevar a cabo el acercamiento con los ciudadanos del estado, y buscar con propuestas y otros planteamientos que el 5 de junio, esto es en 54 d\u00edas, el ciudadano decida a quien lleva a la gubernatura entre Julio Menchaca y Carolina Viggiano que se ven con reales posibilidades de ganar.<\/p>\n\n\n\n<p>Se supone que en un acto de responsabilidad, los dos aspirantes conf\u00edan en ganar, y que por lo mismo trabajan&nbsp; ya en un plan estatal de gobierno y analizan perfiles de quienes les acompa\u00f1ar\u00e1n en la responsabilidad en las Secretar\u00edas y dem\u00e1s cargos fuertes.<\/p>\n\n\n\n<p>Ser\u00eda muy irresponsable que no est\u00e9n con buenos equipos de asesores en organigramas de administraci\u00f3n p\u00fablica y de conocedores de la pol\u00edtica estatal, trazando ya&nbsp; los caminos de c\u00f3mo administrar al gobierno en cuanto a oficinas y dependencias y sobre todo qui\u00e9nes tienen el nivel profesional y personal para estar a cargo de las dependencias que auxiliar\u00e1n a quien gane el Poder Ejecutivo.<\/p>\n\n\n\n<p>El organigrama que no es otra cosa que la estructura de organizaci\u00f3n jer\u00e1rquica, para atender la responsabilidad en este caso de gobernar con eficacia y eficiencia, resulta del an\u00e1lisis que hace el que aspira al poder y siempre de acuerdo a las necesidades y urgencias de los gobernados.<\/p>\n\n\n\n<p>Pueden por lo mismo aparecer o desaparecer Secretar\u00edas o Direcciones para dar respuesta a lo que necesita el estado.<\/p>\n\n\n\n<p>Se supone que ya trabajan en esto.<\/p>\n\n\n\n<p>El paso fuerte es elegir a los colaboradores.<\/p>\n\n\n\n<p>No es tarea f\u00e1cil, porque deben reunir capacidad y honorabilidad dejando de lado la idea de que esos cargos son para determinados apellidos y personajes, lo que ha provocado el rechazo popular.<\/p>\n\n\n\n<p>Tarea que seguramente ya llevan a cabo Julio y Carolina con el cuidado de un cirujano de coraz\u00f3n con cortes de precisi\u00f3n y certeza.<\/p>\n\n\n\n<p>Porque es la hora, en que si bien&nbsp; muchos los apoyan por la convicci\u00f3n de que con ellos Hidalgo estar\u00e1 mejor, tampoco se puede negar que otros muchos est\u00e1n a las vivas para agandallarse los cargos so\u00f1ando en su beneficio.<\/p>\n\n\n\n<p>La Candidatura Com\u00fan que tiene a Menchaca como candidato y la Alianza &#8220;Va PRI Hidalgo&#8221; que abandera Carolina Viggiano crea compromisos a la hora de decidir el gabinete.<\/p>\n\n\n\n<p>Dicen qu\u00e9 hay personajes que se sienten tan seguros de ser parte del gabinete, de los dos lados, que ya andan repartiendo trabajo.<\/p>\n\n\n\n<p>Muchos se ven hasta l\u00f3gicos si forman parte del gobierno estatal, pero tambi\u00e9n hay muchos que tiran su red y lo que pesquen es bueno.<\/p>\n\n\n\n<p>Bueno lo cierto es que so\u00f1ar no cuesta nada.<\/p>\n","protected":false},"excerpt":{"rendered":"<p>ALFIL NEGRO Los d\u00edas de campa\u00f1a caminan aprisa y ya s\u00f3lo quedan 50 de los 60 que se tienen para esta actividad como espacio para llevar a cabo el acercamiento con los ciudadanos del estado, y buscar con propuestas y otros planteamientos que el 5 de junio, esto es en 54 d\u00edas, el ciudadano decida [&hellip;]<\/p>\n","protected":false},"author":83,"featured_media":208526,"comment_status":"closed","ping_status":"closed","sticky":false,"template":"","format":"standard","meta":{"footnotes":""},"categories":[48,42],"tags":[],"class_list":["post-210990","post","type-post","status-publish","format-standard","has-post-thumbnail","hentry","category-adalberto-peralta","category-nuestrapalabra"],"_links":{"self":[{"href":"https:\/\/plazajuarez.mx\/historico\/wp-json\/wp\/v2\/posts\/210990","targetHints":{"allow":["GET"]}}],"collection":[{"href":"https:\/\/plazajuarez.mx\/historico\/wp-json\/wp\/v2\/posts"}],"about":[{"href":"https:\/\/plazajuarez.mx\/historico\/wp-json\/wp\/v2\/types\/post"}],"author":[{"embeddable":true,"href":"https:\/\/plazajuarez.mx\/historico\/wp-json\/wp\/v2\/users\/83"}],"replies":[{"embeddable":true,"href":"https:\/\/plazajuarez.mx\/historico\/wp-json\/wp\/v2\/comments?post=210990"}],"version-history":[{"count":0,"href":"https:\/\/plazajuarez.mx\/historico\/wp-json\/wp\/v2\/posts\/210990\/revisions"}],"wp:featuredmedia":[{"embeddable":true,"href":"https:\/\/plazajuarez.mx\/historico\/wp-json\/wp\/v2\/media\/208526"}],"wp:attachment":[{"href":"https:\/\/plazajuarez.mx\/historico\/wp-json\/wp\/v2\/media?parent=210990"}],"wp:term":[{"taxonomy":"category","embeddable":true,"href":"https:\/\/plazajuarez.mx\/historico\/wp-json\/wp\/v2\/categories?post=210990"},{"taxonomy":"post_tag","embeddable":true,"href":"https:\/\/plazajuarez.mx\/historico\/wp-json\/wp\/v2\/tags?post=210990"}],"curies":[{"name":"wp","href":"https:\/\/api.w.org\/{rel}","templated":true}]}}