{"id":210927,"date":"2022-04-11T12:33:47","date_gmt":"2022-04-11T17:33:47","guid":{"rendered":"https:\/\/plazajuarez.mx\/?p=210927"},"modified":"2022-04-11T12:34:03","modified_gmt":"2022-04-11T17:34:03","slug":"pedira-amlo-que-baje-participacion-para-que-consulta-sea-vinculante","status":"publish","type":"post","link":"https:\/\/plazajuarez.mx\/historico\/pedira-amlo-que-baje-participacion-para-que-consulta-sea-vinculante\/","title":{"rendered":"Pedir\u00e1 AMLO que baje participaci\u00f3n para que consulta sea vinculante"},"content":{"rendered":"\n<p>El presidente de M\u00e9xico, Andr\u00e9s Manuel L\u00f3pez Obrador, anunci\u00f3 este lunes que propondr\u00e1 reducir el porcentaje de participaci\u00f3n necesario para que la consulta de revocaci\u00f3n de mandato sea vinculante con el 20 % y no con el 40% de ahora.<\/p>\n\n\n\n<p>&#8220;Con la reforma que vamos a presentar, la reforma electoral, se van a considerar algunos aspectos para facilitar el que pueda ser vinculatoria, pensamos que es muy alto lo del 40 % de participaci\u00f3n&#8221;, apunt\u00f3 el mandatario durante su conferencia de prensa matutina en el Palacio Nacional.<\/p>\n\n\n\n<p>L\u00f3pez Obrador dijo que aunque en la consulta de revocaci\u00f3n de mandato realizada el domingo particip\u00f3 mucha gente, el porcentaje de participaci\u00f3n no pas\u00f3 del 18 %, \u201cs\u00ed podr\u00eda reducirse, a que no sea el 40 %, que sea el 30 % y si se puede el 20 %\u201d, insisti\u00f3.<\/p>\n\n\n\n<p>De acuerdo con el Instituto Nacional Electoral (INE) para que la consulta fuese vinculante debi\u00f3 haber participado el 40 % de los electores.<\/p>\n\n\n\n<p>Seg\u00fan resultados preliminares del INE, en la consulta de revocaci\u00f3n de mandato del domingo se registro una participaci\u00f3n de entre el 17 % y 18,2 % de los electores, una cifra muy lejana al 40 % necesario para que la consulta fuese vinculante.<\/p>\n\n\n\n<p>Entre un 90,3 % y 91,9 % de los electores que acudieron a las urnas votaron a favor de que el presidente contin\u00fae en su cargo los tres a\u00f1os que le restan de mandato, mientras que entre un 6,4 % y un 7,8 % prefirieron la revocaci\u00f3n, seg\u00fan el INE.<\/p>\n\n\n\n<p>L\u00f3pez Obrador acept\u00f3 que en la consulta solo particip\u00f3 el 18 % de la ciudadan\u00eda, pero insisti\u00f3 en que \u201chay que tomar en cuenta\u201d que s\u00f3lo fueron instaladas un tercio de las casillas (mesas) electorales.<\/p>\n\n\n\n<p>\u201cEn 2018 se instalaron alrededor de 160.000 casillas y ahora fueron 56.000, 57.000, un tercio. Tambi\u00e9n lo digo porque nuestros adversarios, que se enojan mucho, dicen: es la mitad de los votos que obtuvo el presidente en la elecci\u00f3n del 2018\u201d, dijo.<\/p>\n\n\n\n<p>Acus\u00f3 al INE de haber realizado un boicot para evitar la participaci\u00f3n de los ciudadanos.<\/p>\n\n\n\n<p>\u201cCon todas las trampas o boicot del INE, que no se aplic\u00f3 para poner casillas en todos lados, hubo municipios en donde no hubo casillas. En mi pueblo (\u2026) Tepetit\u00e1n, no instalaron casillas, las instalaron a 30 o 40 kil\u00f3metros\u201d, acus\u00f3.<\/p>\n\n\n\n<p>Agreg\u00f3 que el INE pudo haber promovido mejor la consulta, pero se excusaron en que no hab\u00eda dinero.<\/p>\n\n\n\n<p>Sin embargo, celebr\u00f3 que la consulta haya sido &#8220;un \u00e9xito completo&#8221; y algo in\u00e9dito en la historia de M\u00e9xico.<\/p>\n\n\n\n<p>&#8220;Fue un \u00e9xito completo. La gente actu\u00f3 con mucha responsabilidad, millones de mexicanos. Estamos ante un hecho hist\u00f3rico, es algo in\u00e9dito en la historia de nuestro pa\u00eds, por primera vez se hace una consulta a los ciudadanos para que decidan sobre el gobierno del presidente&#8221;, manifest\u00f3.<\/p>\n\n\n\n<p>Record\u00f3 que \u201ces el pueblo el que manda, es el pueblo el soberano para que quede claro y eche ra\u00edces para que nadie se sienta absoluto\u201d, zanj\u00f3.<\/p>\n\n\n\n<p>Y agradeci\u00f3 a la gente por el apoyo mostrado. \u201cMuchas gracias de todo coraz\u00f3n y vamos a seguir adelante hasta septiembre del 24 si lo decide el creador, la naturaleza, la ciencia, porque ya lo quiso el pueblo&#8221;, declar\u00f3.<\/p>\n","protected":false},"excerpt":{"rendered":"<p>El presidente de M\u00e9xico, Andr\u00e9s Manuel L\u00f3pez Obrador, anunci\u00f3 este lunes que propondr\u00e1 reducir el porcentaje de participaci\u00f3n necesario para que la consulta de revocaci\u00f3n de mandato sea vinculante con el 20 % y no con el 40% de ahora. &#8220;Con la reforma que vamos a presentar, la reforma electoral, se van a considerar algunos [&hellip;]<\/p>\n","protected":false},"author":81,"featured_media":210928,"comment_status":"closed","ping_status":"closed","sticky":false,"template":"","format":"standard","meta":{"footnotes":""},"categories":[15,36],"tags":[],"class_list":["post-210927","post","type-post","status-publish","format-standard","has-post-thumbnail","hentry","category-destacadas","category-nacion"],"_links":{"self":[{"href":"https:\/\/plazajuarez.mx\/historico\/wp-json\/wp\/v2\/posts\/210927","targetHints":{"allow":["GET"]}}],"collection":[{"href":"https:\/\/plazajuarez.mx\/historico\/wp-json\/wp\/v2\/posts"}],"about":[{"href":"https:\/\/plazajuarez.mx\/historico\/wp-json\/wp\/v2\/types\/post"}],"author":[{"embeddable":true,"href":"https:\/\/plazajuarez.mx\/historico\/wp-json\/wp\/v2\/users\/81"}],"replies":[{"embeddable":true,"href":"https:\/\/plazajuarez.mx\/historico\/wp-json\/wp\/v2\/comments?post=210927"}],"version-history":[{"count":0,"href":"https:\/\/plazajuarez.mx\/historico\/wp-json\/wp\/v2\/posts\/210927\/revisions"}],"wp:featuredmedia":[{"embeddable":true,"href":"https:\/\/plazajuarez.mx\/historico\/wp-json\/wp\/v2\/media\/210928"}],"wp:attachment":[{"href":"https:\/\/plazajuarez.mx\/historico\/wp-json\/wp\/v2\/media?parent=210927"}],"wp:term":[{"taxonomy":"category","embeddable":true,"href":"https:\/\/plazajuarez.mx\/historico\/wp-json\/wp\/v2\/categories?post=210927"},{"taxonomy":"post_tag","embeddable":true,"href":"https:\/\/plazajuarez.mx\/historico\/wp-json\/wp\/v2\/tags?post=210927"}],"curies":[{"name":"wp","href":"https:\/\/api.w.org\/{rel}","templated":true}]}}