{"id":210804,"date":"2022-04-10T12:59:11","date_gmt":"2022-04-10T17:59:11","guid":{"rendered":"https:\/\/plazajuarez.mx\/?p=210804"},"modified":"2022-04-10T13:03:38","modified_gmt":"2022-04-10T18:03:38","slug":"amlo_revocacion-3","status":"publish","type":"post","link":"https:\/\/plazajuarez.mx\/historico\/amlo_revocacion-3\/","title":{"rendered":"Comienza la votaci\u00f3n para la consulta de revocaci\u00f3n de L\u00f3pez Obrador"},"content":{"rendered":"\n<p>&nbsp;Las mesas de votaci\u00f3n abrieron este domingo en M\u00e9xico para la consulta de revocaci\u00f3n de mandato en la que los mexicanos decidir\u00e1n si el presidente, Andr\u00e9s Manuel L\u00f3pez Obrador, sigue o no en el cargo.<\/p>\n\n\n\n<p>Con la apertura de 57.517 mesas a las 8.00 horas (13.00 horas GMT) empez\u00f3 el proceso de consulta impulsado por el propio mandatario, con una expectativa de escasa participaci\u00f3n.<\/p>\n\n\n\n<p>Seg\u00fan el Instituto Nacional Electoral (INE), m\u00e1s de 92,82 millones de mexicanos mayores de 18 a\u00f1os est\u00e1n llamados a las urnas este domingo, en las 57.517 casillas electorales instaladas para que acudan los ciudadanos a emitir su voto.<\/p>\n\n\n\n<p>La consu, que el mandatario tacha de &#8220;hist\u00f3rico&#8221;, llega en medio de cr\u00edticas de la oposici\u00f3n al considerar que, impulsada por el propio jefe del Ejecutivo, se trata de una campa\u00f1a permanente para movilizar a sus bases.<\/p>\n\n\n\n<p>El proceso ha ocasionado duros choques del mandatario y su partido, Movimiento Regeneraci\u00f3n Nacional (Morena), con el INE y el Tribunal Electoral del Poder Judicial de la Federaci\u00f3n (TEPJF).<\/p>\n\n\n\n<p>El ejercicio de revocaci\u00f3n de mandato se considerar\u00e1 v\u00e1lido o vinculatorio si participa el 40 % de las personas inscritas en la lista nominal de electores. Es decir, cerca de 37 millones de personas.<\/p>\n\n\n\n<p>El presidente mexicano, sin embargo, ha dicho que dejar\u00e1 el cargo si gana el &#8220;No&#8221; si la participaci\u00f3n no llegase al 40 %.<\/p>\n\n\n\n<p>La pregunta, que el presidente consider\u00f3 &#8220;confusa&#8221;, es: &#8220;\u00bfEst\u00e1s de acuerdo en que a Andr\u00e9s Manuel L\u00f3pez Obrador, presidente de los Estados Unidos Mexicanos, se le revoque el mandato por p\u00e9rdida de la confianza o siga en la Presidencia de la Rep\u00fablica hasta que termine su periodo?&#8221;<\/p>\n\n\n\n<p>Y tiene estas opciones de respuesta: &#8220;Que se le revoque el mandato por p\u00e9rdida de la confianza&#8221; o &#8220;Que siga en la Presidencia de la Rep\u00fablica&#8221;.<\/p>\n\n\n\n<p>Las urnas abrieron a las 8.00 hora local y cerrar\u00e1n a las 18.00 (23.00 hora GMT).<\/p>\n\n\n\n<p>Como en otros proceso electorales, el INE dar\u00e1 primero, entre las 21.00 (2.00 horas GMT del lunes) y las 22.00 horas (3.00 horas GMT del lunes), un escrutinio r\u00e1pido que tomar\u00e1 como muestra unas 1.800 casillas y dar\u00e1 una estimaci\u00f3n muy fiable de la participaci\u00f3n y el resultado del proceso.<\/p>\n","protected":false},"excerpt":{"rendered":"<p>&nbsp;Las mesas de votaci\u00f3n abrieron este domingo en M\u00e9xico para la consulta de revocaci\u00f3n de mandato en la que los mexicanos decidir\u00e1n si el presidente, Andr\u00e9s Manuel L\u00f3pez Obrador, sigue o no en el cargo. Con la apertura de 57.517 mesas a las 8.00 horas (13.00 horas GMT) empez\u00f3 el proceso de consulta impulsado por [&hellip;]<\/p>\n","protected":false},"author":80,"featured_media":210805,"comment_status":"closed","ping_status":"closed","sticky":false,"template":"","format":"standard","meta":{"footnotes":""},"categories":[15,36],"tags":[144],"class_list":["post-210804","post","type-post","status-publish","format-standard","has-post-thumbnail","hentry","category-destacadas","category-nacion","tag-amlo"],"_links":{"self":[{"href":"https:\/\/plazajuarez.mx\/historico\/wp-json\/wp\/v2\/posts\/210804","targetHints":{"allow":["GET"]}}],"collection":[{"href":"https:\/\/plazajuarez.mx\/historico\/wp-json\/wp\/v2\/posts"}],"about":[{"href":"https:\/\/plazajuarez.mx\/historico\/wp-json\/wp\/v2\/types\/post"}],"author":[{"embeddable":true,"href":"https:\/\/plazajuarez.mx\/historico\/wp-json\/wp\/v2\/users\/80"}],"replies":[{"embeddable":true,"href":"https:\/\/plazajuarez.mx\/historico\/wp-json\/wp\/v2\/comments?post=210804"}],"version-history":[{"count":0,"href":"https:\/\/plazajuarez.mx\/historico\/wp-json\/wp\/v2\/posts\/210804\/revisions"}],"wp:featuredmedia":[{"embeddable":true,"href":"https:\/\/plazajuarez.mx\/historico\/wp-json\/wp\/v2\/media\/210805"}],"wp:attachment":[{"href":"https:\/\/plazajuarez.mx\/historico\/wp-json\/wp\/v2\/media?parent=210804"}],"wp:term":[{"taxonomy":"category","embeddable":true,"href":"https:\/\/plazajuarez.mx\/historico\/wp-json\/wp\/v2\/categories?post=210804"},{"taxonomy":"post_tag","embeddable":true,"href":"https:\/\/plazajuarez.mx\/historico\/wp-json\/wp\/v2\/tags?post=210804"}],"curies":[{"name":"wp","href":"https:\/\/api.w.org\/{rel}","templated":true}]}}