{"id":210750,"date":"2022-04-09T18:17:28","date_gmt":"2022-04-09T23:17:28","guid":{"rendered":"https:\/\/plazajuarez.mx\/?p=210750"},"modified":"2022-04-09T19:04:00","modified_gmt":"2022-04-10T00:04:00","slug":"menchaca-2","status":"publish","type":"post","link":"https:\/\/plazajuarez.mx\/historico\/menchaca-2\/","title":{"rendered":"Menchaca: En nuestro movimiento la diferencia est\u00e1 en el entusiasmo de la gente"},"content":{"rendered":"\n<p>Lo que hace diferente al proyecto de Movimiento de Regeneraci\u00f3n Nacional, de nuestros aliados del Partido del Trabajo y de Nueva Alianza, con respecto al de los adversarios, es la emoci\u00f3n y el \u00e1nimo que ponen las mujeres y hombres que asisten a los actos de campa\u00f1a, asegur\u00f3 en Atotonilco de Tula, Julio Menchaca Salazar, candidato a gobernador.<\/p>\n\n\n\n<p>\u201cEstamos abrazando la esperanza, por eso tocamos puertas y tocamos corazones, para que la transformaci\u00f3n de Hidalgo se una a la transformaci\u00f3n del pa\u00eds. Porque aqu\u00ed est\u00e1n mujeres y hombres decididos a tener en sus manos, mediante un proceso pac\u00edfico, la elecci\u00f3n de lo que queremos en el presente y en el futuro de Hidalgo\u201d, afirm\u00f3.<\/p>\n\n\n\n<p>El candidato destac\u00f3 que es en la gente que comulga con el movimiento que encabeza, donde radica la diferencia: \u201cVean los eventos de los adversarios: unos cantando muy en solitario, otras solamente mencionado a su servidor como un motivo de campa\u00f1a\u201d.<\/p>\n\n\n\n<p>Luego coment\u00f3 que esperaba que las autoridades electorales no le cargaran esos mensajes como gastos de campa\u00f1a, \u201cporque me est\u00e1n haciendo publicidad gratis\u201d.<\/p>\n\n\n\n<p>Al respecto, dijo en su mensaje que la trayectoria no se construye en una campa\u00f1a, pues en cada una de las personas hay una historia particular.<\/p>\n\n\n\n<p>\u201cYo les quiero compartir que la m\u00eda es una historia de trabajo. Tanto mis pap\u00e1s como los de ustedes nos ense\u00f1aron a trabajar, a ganar honradamente el dinero y a poder combinar el esfuerzo con el servicio a la comunidad\u201d, relat\u00f3.<\/p>\n\n\n\n<p>Posteriormente, el aspirante a gobernador dej\u00f3 claro que \u201cno nos inventamos para este proceso electoral, ni nos disfrazamos recientemente como dem\u00f3cratas o como abanderados de las buenas causas. Nos avala una trayectoria, y esa trayectoria est\u00e1 a la disposici\u00f3n de ustedes\u201d, manifest\u00f3 ante las y los asistentes.<\/p>\n\n\n\n<p>En esta actividad, acompa\u00f1aron al candidato a gobernador Sandra Ord\u00f3\u00f1ez P\u00e9rez, presidenta del Comit\u00e9 Ejecutivo Estatal de Morena Hidalgo, y Sergio Hern\u00e1ndez Hern\u00e1ndez, presidente del Comit\u00e9 Directivo Estatal del Partido Nueva Alianza de Hidalgo.<\/p>\n","protected":false},"excerpt":{"rendered":"<p>Lo que hace diferente al proyecto de Movimiento de Regeneraci\u00f3n Nacional, de nuestros aliados del Partido del Trabajo y de Nueva Alianza, con respecto al de los adversarios, es la emoci\u00f3n y el \u00e1nimo que ponen las mujeres y hombres que asisten a los actos de campa\u00f1a, asegur\u00f3 en Atotonilco de Tula, Julio Menchaca Salazar, [&hellip;]<\/p>\n","protected":false},"author":93,"featured_media":210751,"comment_status":"closed","ping_status":"closed","sticky":false,"template":"","format":"standard","meta":{"footnotes":""},"categories":[2373,15,59],"tags":[],"class_list":["post-210750","post","type-post","status-publish","format-standard","has-post-thumbnail","hentry","category-campanas-2022","category-destacadas","category-general"],"_links":{"self":[{"href":"https:\/\/plazajuarez.mx\/historico\/wp-json\/wp\/v2\/posts\/210750","targetHints":{"allow":["GET"]}}],"collection":[{"href":"https:\/\/plazajuarez.mx\/historico\/wp-json\/wp\/v2\/posts"}],"about":[{"href":"https:\/\/plazajuarez.mx\/historico\/wp-json\/wp\/v2\/types\/post"}],"author":[{"embeddable":true,"href":"https:\/\/plazajuarez.mx\/historico\/wp-json\/wp\/v2\/users\/93"}],"replies":[{"embeddable":true,"href":"https:\/\/plazajuarez.mx\/historico\/wp-json\/wp\/v2\/comments?post=210750"}],"version-history":[{"count":0,"href":"https:\/\/plazajuarez.mx\/historico\/wp-json\/wp\/v2\/posts\/210750\/revisions"}],"wp:featuredmedia":[{"embeddable":true,"href":"https:\/\/plazajuarez.mx\/historico\/wp-json\/wp\/v2\/media\/210751"}],"wp:attachment":[{"href":"https:\/\/plazajuarez.mx\/historico\/wp-json\/wp\/v2\/media?parent=210750"}],"wp:term":[{"taxonomy":"category","embeddable":true,"href":"https:\/\/plazajuarez.mx\/historico\/wp-json\/wp\/v2\/categories?post=210750"},{"taxonomy":"post_tag","embeddable":true,"href":"https:\/\/plazajuarez.mx\/historico\/wp-json\/wp\/v2\/tags?post=210750"}],"curies":[{"name":"wp","href":"https:\/\/api.w.org\/{rel}","templated":true}]}}