{"id":210743,"date":"2022-04-09T14:58:05","date_gmt":"2022-04-09T19:58:05","guid":{"rendered":"https:\/\/plazajuarez.mx\/?p=210743"},"modified":"2022-04-09T14:58:16","modified_gmt":"2022-04-09T19:58:16","slug":"senado_presidenta","status":"publish","type":"post","link":"https:\/\/plazajuarez.mx\/historico\/senado_presidenta\/","title":{"rendered":"Presidenta del Senado mexicano responde a senadores de EE.UU. sobre fiscal"},"content":{"rendered":"\n<p>La presidenta del Senado mexicano, Olga S\u00e1nchez Cordero, comparti\u00f3 en sus redes sociales una carta este viernes que, dijo, enviar\u00e1 pr\u00f3ximamente y en la que responde a las cr\u00edticas de los senadores estadounidenses al desempe\u00f1o del fiscal general de M\u00e9xico, Alejandro Gertz Manero.<\/p>\n\n\n\n<p>A trav\u00e9s de un comunicado, la exsecretaria de Gobernaci\u00f3n quiso hacer algunas &#8220;precisiones&#8221; sobre las acusaciones de los senadores dem\u00f3cratas que firmaron la carta inicial: Robert Men\u00e9ndez, Patrick Leahy, Benjamin Cardin y Jeffrey Merkley.<\/p>\n\n\n\n<p>&#8220;En el Senado mexicano tomamos con seriedad las inquietudes de nuestras contrapartes, por eso es importante allegarles de informaci\u00f3n institucional que les permita conocer el contexto nacional y el funcionamiento de la divisi\u00f3n de poderes&#8221;, escribi\u00f3 la exsecretaria de Gobernaci\u00f3n en Twitter.<\/p>\n\n\n\n<p>El mi\u00e9rcoles, en una carta dirigida a Blinken, y al procurador general Merrick Garland, varios legisladores dem\u00f3cratas expresaron su preocupaci\u00f3n por se\u00f1alamientos de que el presidente de M\u00e9xico, Andr\u00e9s Manuel L\u00f3pez Obrador, y la Fiscal\u00eda General de la Rep\u00fablica (FGR) politizan la justicia y ponen en peligro la independencia de las instituciones democr\u00e1ticas.<\/p>\n\n\n\n<p>Los senadores, encabezados por Bob Men\u00e9ndez, denunciaron que el fiscal Gertz Manero usar\u00eda el cargo para perseguir a opositores pol\u00edticos y saldar cuentas.<\/p>\n\n\n\n<p>Ante esto, S\u00e1nchez Cordero dijo, a trav\u00e9s de la misiva, que en primer la FGR es una instituci\u00f3n aut\u00f3noma del poder Ejecutivo, ya que &#8220;el fiscal es electo por el Congreso con mayor\u00eda calificada&#8221;.<\/p>\n\n\n\n<p>A continuaci\u00f3n, indic\u00f3 que no hay incidencia del fiscal en el Poder Judicial, ya que recientemente la Suprema Corte de Justicia de la Naci\u00f3n (SCJN) emiti\u00f3 una sentencia &#8220;contraria a los intereses del Fiscal General&#8221;.<\/p>\n\n\n\n<p>&#8220;Sin duda nadie podr\u00eda decir que la corte est\u00e1 capturada, sino es claro que toma sus propias decisiones&#8221;, expres\u00f3.<\/p>\n\n\n\n<p>Por \u00faltimo, ante la acusaci\u00f3n de la destrucci\u00f3n de los contrapesos, asegur\u00f3 que no se ha dado, puesto que el Gobierno del presidente L\u00f3pez Obrador &#8220;ha fortalecido los mecanismos democr\u00e1ticos directos y, sobre eso, mencion\u00f3 la consulta popular que se celebrar\u00e1 este domingo en la que los ciudadanos decidir\u00e1n si el mandatario contin\u00faa o no en el poder.<\/p>\n\n\n\n<p>&#8220;Este Gobierno est\u00e1 fortaleciendo mecanismos democr\u00e1ticos directos, d\u00e1ndole m\u00e1s herramientas a los ciudadanos para tomar el control de la vida pol\u00edtica en el pa\u00eds&#8221;, indic\u00f3.<\/p>\n\n\n\n<p>&#8220;Este Gobierno tiene una profunda convicci\u00f3n democr\u00e1tica, en la que la divisi\u00f3n de poderes se respeta en el marco constitucional. Reiteramos que el di\u00e1logo y la pol\u00edtica es la v\u00eda hacia el acuerdo y la cooperaci\u00f3n entre nuestros pa\u00edses&#8221;, termin\u00f3 la exsecretaria de Gobernaci\u00f3n.<\/p>\n\n\n\n<p>El jueves L\u00f3pez Obrador calific\u00f3 de mentirosos a los legisladores estadounidenses que enviaron la carta al secretario de Estado de Estados Unidos, Antony Blinken, para acusar al Estado mexicano de perseguir a opositores a trav\u00e9s de la FGR.<\/p>\n\n\n\n<p>&#8220;Son, con todo respeto, mentirosos, porque no es cierto&#8221;, indic\u00f3 el mandatario durante su conferencia de prensa matutina desde Palacio Nacional.<\/p>\n\n\n\n<p>&#8220;Son mentirosos, no usamos a los aparatos del Estado para ello (perseguir opositores), yo no tengo ya ninguna relaci\u00f3n, como (suced\u00eda) antes, con el fiscal General de la Rep\u00fablica (FGR), esta instancia es aut\u00f3noma&#8221;, reiter\u00f3 entonces el presidente.<\/p>\n","protected":false},"excerpt":{"rendered":"<p>La presidenta del Senado mexicano, Olga S\u00e1nchez Cordero, comparti\u00f3 en sus redes sociales una carta este viernes que, dijo, enviar\u00e1 pr\u00f3ximamente y en la que responde a las cr\u00edticas de los senadores estadounidenses al desempe\u00f1o del fiscal general de M\u00e9xico, Alejandro Gertz Manero. A trav\u00e9s de un comunicado, la exsecretaria de Gobernaci\u00f3n quiso hacer algunas [&hellip;]<\/p>\n","protected":false},"author":80,"featured_media":210744,"comment_status":"closed","ping_status":"closed","sticky":false,"template":"","format":"standard","meta":{"footnotes":""},"categories":[36],"tags":[2132],"class_list":["post-210743","post","type-post","status-publish","format-standard","has-post-thumbnail","hentry","category-nacion","tag-senado"],"_links":{"self":[{"href":"https:\/\/plazajuarez.mx\/historico\/wp-json\/wp\/v2\/posts\/210743","targetHints":{"allow":["GET"]}}],"collection":[{"href":"https:\/\/plazajuarez.mx\/historico\/wp-json\/wp\/v2\/posts"}],"about":[{"href":"https:\/\/plazajuarez.mx\/historico\/wp-json\/wp\/v2\/types\/post"}],"author":[{"embeddable":true,"href":"https:\/\/plazajuarez.mx\/historico\/wp-json\/wp\/v2\/users\/80"}],"replies":[{"embeddable":true,"href":"https:\/\/plazajuarez.mx\/historico\/wp-json\/wp\/v2\/comments?post=210743"}],"version-history":[{"count":0,"href":"https:\/\/plazajuarez.mx\/historico\/wp-json\/wp\/v2\/posts\/210743\/revisions"}],"wp:featuredmedia":[{"embeddable":true,"href":"https:\/\/plazajuarez.mx\/historico\/wp-json\/wp\/v2\/media\/210744"}],"wp:attachment":[{"href":"https:\/\/plazajuarez.mx\/historico\/wp-json\/wp\/v2\/media?parent=210743"}],"wp:term":[{"taxonomy":"category","embeddable":true,"href":"https:\/\/plazajuarez.mx\/historico\/wp-json\/wp\/v2\/categories?post=210743"},{"taxonomy":"post_tag","embeddable":true,"href":"https:\/\/plazajuarez.mx\/historico\/wp-json\/wp\/v2\/tags?post=210743"}],"curies":[{"name":"wp","href":"https:\/\/api.w.org\/{rel}","templated":true}]}}