{"id":210740,"date":"2022-04-09T14:49:47","date_gmt":"2022-04-09T19:49:47","guid":{"rendered":"https:\/\/plazajuarez.mx\/?p=210740"},"modified":"2022-04-09T14:49:56","modified_gmt":"2022-04-09T19:49:56","slug":"mandato_revocacio","status":"publish","type":"post","link":"https:\/\/plazajuarez.mx\/historico\/mandato_revocacio\/","title":{"rendered":"La in\u00e9dita consulta de revocaci\u00f3n de mandato en M\u00e9xico en cuatro claves"},"content":{"rendered":"\n<p>&nbsp;La in\u00e9dita consulta para decidir la continuidad del presidente Andr\u00e9s Manuel L\u00f3pez Obrador en el cargo se celebra este domingo 10 de abril con la expectativa de una escasa participaci\u00f3n de los votantes.<\/p>\n\n\n\n<p>El ejercicio, que el mandatario tacha de &#8220;hist\u00f3rico&#8221;, llega en medio de cr\u00edticas de la oposici\u00f3n al considerar que, impulsada por el propio jefe del Ejecutivo, se trata de una campa\u00f1a permanente para movilizar a sus bases.<\/p>\n\n\n\n<p>El proceso ha ocasionado duros choques del mandatario y su partido, Movimiento Regeneraci\u00f3n Nacional (Morena), con el Instituto Nacional Electoral (INE) y el Tribunal Electoral del Poder Judicial de la Federaci\u00f3n (TEPJF).<\/p>\n\n\n\n<p>Las cuatro claves para entender la consulta son las siguientes:<\/p>\n\n\n\n<p>\u00bfC\u00d3MO FUE EL PROCESO QUE LLEV\u00d3 A LA CONSULTA?<\/p>\n\n\n\n<p>A mediados de septiembre pasado entr\u00f3 en vigor la Ley Federal de Revocaci\u00f3n de Mandato tras su aprobaci\u00f3n en el Legislativo.<\/p>\n\n\n\n<p>Para convocar la consulta de revocar o no al presidente a mitad de su mandato, la ley exig\u00eda recabar 2,7 millones de firmas de la ciudadan\u00eda.<\/p>\n\n\n\n<p>Aunque la cifra era elevada, el oficialista Morena engras\u00f3 toda su maquinaria para conseguir las rubricas -se lograron 3,45 millones- y cumplir con la voluntad del presidente.<\/p>\n\n\n\n<p>La pregunta, que el presidente consider\u00f3 &#8220;confusa&#8221;, es: &#8220;\u00bfEst\u00e1s de acuerdo en que a Andr\u00e9s Manuel L\u00f3pez Obrador, presidente de los Estados Unidos Mexicanos, se le revoque el mandato por p\u00e9rdida de la confianza o siga en la Presidencia de la Rep\u00fablica hasta que termine su periodo?&#8221;<\/p>\n\n\n\n<p>Y tiene estas opciones de respuesta: Que se le revoque el mandato por p\u00e9rdida de la confianza o Que siga en la Presidencia de la Rep\u00fablica.<\/p>\n\n\n\n<p>CASI 93 MILLONES LLAMADOS A VOTAR<\/p>\n\n\n\n<p>Seg\u00fan datos aportados por el Instituto Nacional Electoral (INE), m\u00e1s de 92,82 millones de mexicanos mayores de 18 a\u00f1os podr\u00e1n participar en el proceso al formar parte del listado nominal de electores.<\/p>\n\n\n\n<p>Para tal fin se han instalado 57.517 casillas electorales, que son los lugares a los que acuden los ciudadanos para emitir su voto.<\/p>\n\n\n\n<p>El ejercicio de revocaci\u00f3n de mandato se considerar\u00e1 v\u00e1lido o vinculatorio si participa el 40 % de las personas inscritas en la lista nominal de electores. Es decir, cerca de 37 millones de personas.<\/p>\n\n\n\n<p>Aunque el presidente ha dicho que dejar\u00e1 el cargo si gana el &#8220;No&#8221; si la participaci\u00f3n no llegase al 40 %.<\/p>\n\n\n\n<p>Las urnas abrir\u00e1n a las 8.00 hora local (en M\u00e9xico hay diferentes husos horarios) y cerrar\u00e1n a las 18.00.<\/p>\n\n\n\n<p>Como en otros proceso electorales, el INE dar\u00e1 primero un conteo r\u00e1pido que tomar\u00e1 como muestra unas 1.800 casillas y da una estimaci\u00f3n muy confiable de la participaci\u00f3n y el resultado del proceso.<\/p>\n\n\n\n<p>Los resultados definitivos se dar\u00edan a conocer al d\u00eda siguiente, el 11 de abril.<\/p>\n\n\n\n<p>\u00bfQU\u00c9 POL\u00c9MICAS ACARREA EL EJERCICIO?<\/p>\n\n\n\n<p>Durante meses, el presidente mexicano ha atacado al Instituto Nacional Electoral (INE) al considerar que no dedic\u00f3 suficientes recursos al proceso ni a su promoci\u00f3n.<\/p>\n\n\n\n<p>No obstante, el INE tambi\u00e9n denunci\u00f3 que Hacienda le neg\u00f3 m\u00e1s recursos, as\u00ed como los recortes en el presupuesto general que ha sufrido la instituci\u00f3n.<\/p>\n\n\n\n<p>Y el 17 de marzo, se aprob\u00f3 un decreto que permit\u00eda a funcionarios p\u00fablicos manifestarse sobre la consulta de revocaci\u00f3n de mandato.<\/p>\n\n\n\n<p>Pero el 29 de marzo, el Tribunal Electoral del Poder Judicial de la Federaci\u00f3n (TEPJF) de M\u00e9xico declar\u00f3 &#8220;inaplicable&#8221; el decreto que permit\u00eda a los funcionarios p\u00fablicos manifestarse sobre el proceso de revocaci\u00f3n de mandato sin que se considerara propaganda gubernamental.<\/p>\n\n\n\n<p>Un d\u00eda despu\u00e9s, senadores de varios partidos pol\u00edticos presentaron un recursos ante la Suprema Corte.<\/p>\n\n\n\n<p>Pese a ello, la oposici\u00f3n ha denunciado varios actos p\u00fablicos en los que funcionarios y miembros de Movimiento Regeneraci\u00f3n Nacional (Morena) han instado a participar en la consulta o mostrado su respaldo al presidente, quien a su vez ha asegurado que no se viol\u00f3 la veda electoral.<\/p>\n\n\n\n<p>\u00bfC\u00d3MO LLEGA AMLO A LA REVOCACI\u00d3N?<\/p>\n\n\n\n<p>L\u00f3pez Obrador llega a esta consulta ciudadana manteniendo, despu\u00e9s de tres a\u00f1os en el cargo, una elevada popularidad.<\/p>\n\n\n\n<p>Seg\u00fan un sondeo del 5 de abril del diario El Financiero a 1.500 mexicanos, el 67 % de los ciudadanos quiere que el presidente siga en el cargo.<\/p>\n\n\n\n<p>Pero, de acuerdo con estimaciones estad\u00edsticas, apenas entre un 16 % y un 25 % votar\u00eda en la consulta.<\/p>\n\n\n\n<p>Como antesala de este ejercicio, el pasado mi\u00e9rcoles las autoridades capitalinas organizaron una multitudinaria manifestaci\u00f3n en apoyo al mandatario.<\/p>\n\n\n\n<p>Unos d\u00edas antes, miles de mexicanos contrarios a L\u00f3pez Obrador salieron a protestar.<\/p>\n","protected":false},"excerpt":{"rendered":"<p>&nbsp;La in\u00e9dita consulta para decidir la continuidad del presidente Andr\u00e9s Manuel L\u00f3pez Obrador en el cargo se celebra este domingo 10 de abril con la expectativa de una escasa participaci\u00f3n de los votantes. El ejercicio, que el mandatario tacha de &#8220;hist\u00f3rico&#8221;, llega en medio de cr\u00edticas de la oposici\u00f3n al considerar que, impulsada por el [&hellip;]<\/p>\n","protected":false},"author":80,"featured_media":210741,"comment_status":"closed","ping_status":"closed","sticky":false,"template":"","format":"standard","meta":{"footnotes":""},"categories":[15,36],"tags":[144],"class_list":["post-210740","post","type-post","status-publish","format-standard","has-post-thumbnail","hentry","category-destacadas","category-nacion","tag-amlo"],"_links":{"self":[{"href":"https:\/\/plazajuarez.mx\/historico\/wp-json\/wp\/v2\/posts\/210740","targetHints":{"allow":["GET"]}}],"collection":[{"href":"https:\/\/plazajuarez.mx\/historico\/wp-json\/wp\/v2\/posts"}],"about":[{"href":"https:\/\/plazajuarez.mx\/historico\/wp-json\/wp\/v2\/types\/post"}],"author":[{"embeddable":true,"href":"https:\/\/plazajuarez.mx\/historico\/wp-json\/wp\/v2\/users\/80"}],"replies":[{"embeddable":true,"href":"https:\/\/plazajuarez.mx\/historico\/wp-json\/wp\/v2\/comments?post=210740"}],"version-history":[{"count":0,"href":"https:\/\/plazajuarez.mx\/historico\/wp-json\/wp\/v2\/posts\/210740\/revisions"}],"wp:featuredmedia":[{"embeddable":true,"href":"https:\/\/plazajuarez.mx\/historico\/wp-json\/wp\/v2\/media\/210741"}],"wp:attachment":[{"href":"https:\/\/plazajuarez.mx\/historico\/wp-json\/wp\/v2\/media?parent=210740"}],"wp:term":[{"taxonomy":"category","embeddable":true,"href":"https:\/\/plazajuarez.mx\/historico\/wp-json\/wp\/v2\/categories?post=210740"},{"taxonomy":"post_tag","embeddable":true,"href":"https:\/\/plazajuarez.mx\/historico\/wp-json\/wp\/v2\/tags?post=210740"}],"curies":[{"name":"wp","href":"https:\/\/api.w.org\/{rel}","templated":true}]}}