{"id":210734,"date":"2022-04-09T14:21:33","date_gmt":"2022-04-09T19:21:33","guid":{"rendered":"https:\/\/plazajuarez.mx\/?p=210734"},"modified":"2022-04-09T14:21:46","modified_gmt":"2022-04-09T19:21:46","slug":"carla_coldplay","status":"publish","type":"post","link":"https:\/\/plazajuarez.mx\/historico\/carla_coldplay\/","title":{"rendered":"Carla Morrison llora por el sue\u00f1o que Coldplay le cumpli\u00f3"},"content":{"rendered":"\n<p>Uno de los mayores sue\u00f1os de Carla Morrison fue haber compartido el mismo escenario que Coldplay, una de sus bandas favoritas desde que ten\u00eda 15 a\u00f1os.<\/p>\n\n\n\n<p>La nacida en Tecate, Baja California acompa\u00f1\u00f3 a la banda brit\u00e1nica como telonera en los ocho conciertos que ofreci\u00f3 en M\u00e9xico, y a trav\u00e9s de sus redes sociales comparti\u00f3 con sus seguidores su sentir al respecto.<\/p>\n\n\n\n<p>Empez\u00f3 recordando que hace seis a\u00f1os ella estaba en el Foro Sol como espectadora, disfrutando hasta las l\u00e1grimas la m\u00fasica del grupo; ahora le tocaba acompa\u00f1arlos en los conciertos que brindaron en M\u00e9xico como parte de su gira &#8220;Music of the Spheres&#8221;.<\/p>\n\n\n\n<p>Morrison, quien est\u00e1 por estrenar un nuevo material discogr\u00e1fico, agradeci\u00f3 a los integrantes de Coldplay por esta maravillosa experiencia en la que le permitieron conocerlos.<\/p>\n\n\n\n<p>&#8220;Hace 6 a\u00f1os yo estaba en el p\u00fablico del Foro Sol viendo a mi banda favorita @coldplay , llorando como loca todo el concierto. Soy fan desde mis 15 a\u00f1os y hoy a mis 36, acabo de terminar una gira de 8 fechas por M\u00e9xico a su lado \u00a1\u00a1wow!! Los conoc\u00ed, compartimos momentos y su crew fue tan gentil con nosotros todo el tiempo. Su p\u00fablico nos recibi\u00f3 con los brazos mas que abiertos, tocamos en estadios agotados de 35 mil a 65 mil personas y anoche antes de salir al escenario oramos la banda y yo y llor\u00e9 otra vez dando gracias por esto \u00a1\u00a1QUE SUE\u00d1O DE EXPERIENCIA!! Qui\u00e9n iba a decir que esta morra de Tecate se le iban a cumplir sus sue\u00f1os a esta magnitud. Millones de gracias a Coldplay, a mi equipo de trabajo, a ustedes por sus porras y su apoyo y a la vida que me ha dado tanto \u00a1\u00a1\u00a1\u00a1Si se pudo morros!!!! Nos vemos pronto mi Mexico, que vuelvo con mi propia gira cuando menos lo esperen! Te amo!! #MusicOfTheSpheresWorldTour<\/p>\n\n\n\n<p>#ElRenacimientoTour22&#8243;, se lee.<\/p>\n\n\n\n<p>Morrison poste\u00f3 fotograf\u00edas de los momentos previos a que saliera al escenario, as\u00ed como instantes en los que compart\u00eda, con otros fans de Coldplay, la emoci\u00f3n por ver a la banda ofreciendo su show.<\/p>\n\n\n\n<p>Monterrey, Guadalajara y Ciudad de M\u00e9xico fueron las ciudades en las que Carla abri\u00f3 el show previo a que Chris Martin, Jon Buckland, Guy Berryman y Will Champion lo hicieran.<\/p>\n\n\n\n<p>&#8220;Ayer fue un d\u00eda maravilloso! No solamente el p\u00fablico grito a\u00fan m\u00e1s que la noche anterior, tambi\u00e9n pasamos un rato con @coldplay platicando antes de salir! conocerlos y compartir experiencias fue tan especial para nosotros, nunca olvidare su buena onda conmigo y mi equipo y @dannyluxfr! Qu\u00e9 bonito todo lo que hemos compartido! Gracias a la vida que me ha dado tanto!&#8221;, escribi\u00f3.<\/p>\n","protected":false},"excerpt":{"rendered":"<p>Uno de los mayores sue\u00f1os de Carla Morrison fue haber compartido el mismo escenario que Coldplay, una de sus bandas favoritas desde que ten\u00eda 15 a\u00f1os. La nacida en Tecate, Baja California acompa\u00f1\u00f3 a la banda brit\u00e1nica como telonera en los ocho conciertos que ofreci\u00f3 en M\u00e9xico, y a trav\u00e9s de sus redes sociales comparti\u00f3 [&hellip;]<\/p>\n","protected":false},"author":81,"featured_media":210735,"comment_status":"closed","ping_status":"closed","sticky":false,"template":"","format":"standard","meta":{"footnotes":""},"categories":[38],"tags":[],"class_list":["post-210734","post","type-post","status-publish","format-standard","has-post-thumbnail","hentry","category-show"],"_links":{"self":[{"href":"https:\/\/plazajuarez.mx\/historico\/wp-json\/wp\/v2\/posts\/210734","targetHints":{"allow":["GET"]}}],"collection":[{"href":"https:\/\/plazajuarez.mx\/historico\/wp-json\/wp\/v2\/posts"}],"about":[{"href":"https:\/\/plazajuarez.mx\/historico\/wp-json\/wp\/v2\/types\/post"}],"author":[{"embeddable":true,"href":"https:\/\/plazajuarez.mx\/historico\/wp-json\/wp\/v2\/users\/81"}],"replies":[{"embeddable":true,"href":"https:\/\/plazajuarez.mx\/historico\/wp-json\/wp\/v2\/comments?post=210734"}],"version-history":[{"count":0,"href":"https:\/\/plazajuarez.mx\/historico\/wp-json\/wp\/v2\/posts\/210734\/revisions"}],"wp:featuredmedia":[{"embeddable":true,"href":"https:\/\/plazajuarez.mx\/historico\/wp-json\/wp\/v2\/media\/210735"}],"wp:attachment":[{"href":"https:\/\/plazajuarez.mx\/historico\/wp-json\/wp\/v2\/media?parent=210734"}],"wp:term":[{"taxonomy":"category","embeddable":true,"href":"https:\/\/plazajuarez.mx\/historico\/wp-json\/wp\/v2\/categories?post=210734"},{"taxonomy":"post_tag","embeddable":true,"href":"https:\/\/plazajuarez.mx\/historico\/wp-json\/wp\/v2\/tags?post=210734"}],"curies":[{"name":"wp","href":"https:\/\/api.w.org\/{rel}","templated":true}]}}