{"id":210725,"date":"2022-04-09T13:40:18","date_gmt":"2022-04-09T18:40:18","guid":{"rendered":"https:\/\/plazajuarez.mx\/?p=210725"},"modified":"2022-04-09T13:40:27","modified_gmt":"2022-04-09T18:40:27","slug":"checo_perez-2","status":"publish","type":"post","link":"https:\/\/plazajuarez.mx\/historico\/checo_perez-2\/","title":{"rendered":"Cu\u00e1ndo y d\u00f3nde ver a &#8220;Checo&#8221; P\u00e9rez en el Gran Premio de Australia"},"content":{"rendered":"\n<p>Este domingo se correr\u00e1 el Gran Premio de Australia, la tercera carrera en el calendario de la temporada 2022 de la F\u00f3rmula 1.<\/p>\n\n\n\n<p>El Circuito de Albert Park, en Melbourne, ha recibido desde hace unos d\u00edas a las escuder\u00edas y a los pilotos, que buscan sumar y escalar en los dos campeonatos en disputa en la categor\u00eda reina del automovilismo.<\/p>\n\n\n\n<p>Para este domingo, Chales Leclerc (Ferrari) saldr\u00e1 en el primer lugar, luego de ganar la Pole Position el s\u00e1bado en la clasificaci\u00f3n. El segundo puesto en el arranque estar\u00e1 ocupado por Max Verstappen de Red Bull y atr\u00e1s de estos dos pilotos europeos, est\u00e1 el mexicano Sergio P\u00e9rez.<\/p>\n\n\n\n<p>&#8220;Checo&#8221; largar\u00e1 tercero en Australia, sitio que de mantener, le asegurar\u00eda podio.<\/p>\n\n\n\n<p>\u00bfCu\u00e1ndo y d\u00f3nde ver el Gran Premio de Australia?<\/p>\n\n\n\n<p>Fecha: Domingo 10 de abril<\/p>\n\n\n\n<p>Horario: 00:00 horas (tiempo del centro de M\u00e9xico)<\/p>\n\n\n\n<p>Canales: Fox Sports y F1TV<\/p>\n","protected":false},"excerpt":{"rendered":"<p>Este domingo se correr\u00e1 el Gran Premio de Australia, la tercera carrera en el calendario de la temporada 2022 de la F\u00f3rmula 1. El Circuito de Albert Park, en Melbourne, ha recibido desde hace unos d\u00edas a las escuder\u00edas y a los pilotos, que buscan sumar y escalar en los dos campeonatos en disputa en [&hellip;]<\/p>\n","protected":false},"author":81,"featured_media":209107,"comment_status":"closed","ping_status":"closed","sticky":false,"template":"","format":"standard","meta":{"footnotes":""},"categories":[39],"tags":[2307],"class_list":["post-210725","post","type-post","status-publish","format-standard","has-post-thumbnail","hentry","category-deportiva","tag-checo"],"_links":{"self":[{"href":"https:\/\/plazajuarez.mx\/historico\/wp-json\/wp\/v2\/posts\/210725","targetHints":{"allow":["GET"]}}],"collection":[{"href":"https:\/\/plazajuarez.mx\/historico\/wp-json\/wp\/v2\/posts"}],"about":[{"href":"https:\/\/plazajuarez.mx\/historico\/wp-json\/wp\/v2\/types\/post"}],"author":[{"embeddable":true,"href":"https:\/\/plazajuarez.mx\/historico\/wp-json\/wp\/v2\/users\/81"}],"replies":[{"embeddable":true,"href":"https:\/\/plazajuarez.mx\/historico\/wp-json\/wp\/v2\/comments?post=210725"}],"version-history":[{"count":0,"href":"https:\/\/plazajuarez.mx\/historico\/wp-json\/wp\/v2\/posts\/210725\/revisions"}],"wp:featuredmedia":[{"embeddable":true,"href":"https:\/\/plazajuarez.mx\/historico\/wp-json\/wp\/v2\/media\/209107"}],"wp:attachment":[{"href":"https:\/\/plazajuarez.mx\/historico\/wp-json\/wp\/v2\/media?parent=210725"}],"wp:term":[{"taxonomy":"category","embeddable":true,"href":"https:\/\/plazajuarez.mx\/historico\/wp-json\/wp\/v2\/categories?post=210725"},{"taxonomy":"post_tag","embeddable":true,"href":"https:\/\/plazajuarez.mx\/historico\/wp-json\/wp\/v2\/tags?post=210725"}],"curies":[{"name":"wp","href":"https:\/\/api.w.org\/{rel}","templated":true}]}}