{"id":210722,"date":"2022-04-09T12:35:27","date_gmt":"2022-04-09T17:35:27","guid":{"rendered":"https:\/\/plazajuarez.mx\/?p=210722"},"modified":"2022-04-09T12:35:39","modified_gmt":"2022-04-09T17:35:39","slug":"confirman-avistamiento-de-puma-en-alfajayucan","status":"publish","type":"post","link":"https:\/\/plazajuarez.mx\/historico\/confirman-avistamiento-de-puma-en-alfajayucan\/","title":{"rendered":"Confirman avistamiento de Puma en Alfajayucan"},"content":{"rendered":"\n<p>Alfajayucan. Esta ma\u00f1ana el gobierno municipal de Alfajayucan, confirm\u00f3 el avistamiento de un ejemplar de Puma dentro de su territorio en los l\u00edmites de los municipios de Alfajayucan, Huichapan, Nopala y Chapantongo.<\/p>\n\n\n\n<p>La presencia del felino se registr\u00f3 en el mes de febrero seg\u00fan comunic\u00f3 oficialmente la presidencia municipal en un amplio comunicado donde se da cuenta que los ejidatarios est\u00e1n trabajando en una estrategia y plan para atender que el \u00e1rea cuente con las condiciones y garantizar la supervivencia.<\/p>\n\n\n\n<p>Para ello, anunciaron una serie de medidas, entre las cuales garantizan la conservaci\u00f3n de presas de agua para permitir que el puma tenga las condiciones para estar tranquilo, asimismo a conservar el territorio donde desde el 2007 han trabajado para permitir que el bosque de encino siga creciendo.<\/p>\n\n\n\n<p>El puma se ha comprobado su presencia en grandes zonas de la regi\u00f3n del Mezquital, la Sierra Alta, asimismo en la Huasteca. Los avistamientos se han hecho m\u00e1s frecuentes a partir del 2017 cuando se coloc\u00f3 en la agenda p\u00fablica la preservaci\u00f3n de los grandes felinos.<\/p>\n","protected":false},"excerpt":{"rendered":"<p>Alfajayucan. Esta ma\u00f1ana el gobierno municipal de Alfajayucan, confirm\u00f3 el avistamiento de un ejemplar de Puma dentro de su territorio en los l\u00edmites de los municipios de Alfajayucan, Huichapan, Nopala y Chapantongo. La presencia del felino se registr\u00f3 en el mes de febrero seg\u00fan comunic\u00f3 oficialmente la presidencia municipal en un amplio comunicado donde se [&hellip;]<\/p>\n","protected":false},"author":75,"featured_media":210723,"comment_status":"closed","ping_status":"closed","sticky":false,"template":"","format":"standard","meta":{"footnotes":""},"categories":[15,40],"tags":[],"class_list":["post-210722","post","type-post","status-publish","format-standard","has-post-thumbnail","hentry","category-destacadas","category-region"],"_links":{"self":[{"href":"https:\/\/plazajuarez.mx\/historico\/wp-json\/wp\/v2\/posts\/210722","targetHints":{"allow":["GET"]}}],"collection":[{"href":"https:\/\/plazajuarez.mx\/historico\/wp-json\/wp\/v2\/posts"}],"about":[{"href":"https:\/\/plazajuarez.mx\/historico\/wp-json\/wp\/v2\/types\/post"}],"author":[{"embeddable":true,"href":"https:\/\/plazajuarez.mx\/historico\/wp-json\/wp\/v2\/users\/75"}],"replies":[{"embeddable":true,"href":"https:\/\/plazajuarez.mx\/historico\/wp-json\/wp\/v2\/comments?post=210722"}],"version-history":[{"count":0,"href":"https:\/\/plazajuarez.mx\/historico\/wp-json\/wp\/v2\/posts\/210722\/revisions"}],"wp:featuredmedia":[{"embeddable":true,"href":"https:\/\/plazajuarez.mx\/historico\/wp-json\/wp\/v2\/media\/210723"}],"wp:attachment":[{"href":"https:\/\/plazajuarez.mx\/historico\/wp-json\/wp\/v2\/media?parent=210722"}],"wp:term":[{"taxonomy":"category","embeddable":true,"href":"https:\/\/plazajuarez.mx\/historico\/wp-json\/wp\/v2\/categories?post=210722"},{"taxonomy":"post_tag","embeddable":true,"href":"https:\/\/plazajuarez.mx\/historico\/wp-json\/wp\/v2\/tags?post=210722"}],"curies":[{"name":"wp","href":"https:\/\/api.w.org\/{rel}","templated":true}]}}