{"id":210716,"date":"2022-04-09T08:16:33","date_gmt":"2022-04-09T13:16:33","guid":{"rendered":"https:\/\/plazajuarez.mx\/?p=210716"},"modified":"2022-04-09T08:16:43","modified_gmt":"2022-04-09T13:16:43","slug":"cine-de-manana-82","status":"publish","type":"post","link":"https:\/\/plazajuarez.mx\/historico\/cine-de-manana-82\/","title":{"rendered":"CINE DE MA\u00d1ANA"},"content":{"rendered":"\n<h2 class=\"wp-block-heading\"><strong>Un ni\u00f1o y la m\u00fasica: La Traviata<\/strong><\/h2>\n\n\n\n<ul class=\"wp-block-list\"><li>Es la \u00f3pera prima del franc\u00e9s Yohan Manca, que forma parte de la LXXI Muestra Internacional de Cine<\/li><\/ul>\n\n\n\n<p>El peque\u00f1o Nour (Mael Rouin Berrandou) es un chico de 14 a\u00f1os que no parece tener mucho futuro viviendo con sus hermanos y su madre enferma en casa. Abel (Dali Bensalah), Mo (Sofian Kjammes) y Heidi (Moncef Farfar) desempe\u00f1an oficios al margen de la ley en una poblaci\u00f3n a las orillas del mar, para comprar las medicinas de su madre.<\/p>\n\n\n\n<p>Nour incluso ha estado detenido y tiene que cumplir servicio comunitario; es entonces que descubre la magia de la m\u00fasica con las clases de la esforzada cantante Sarah (Judith Chemla, a quien vimos en la Semana del Cine Jud\u00edo en \u201cEl fin del amor\u201d).<\/p>\n\n\n\n<p>Se trata de \u201cLa traviata, mis hermanos y yo\u201d, \u00f3pera prima del franc\u00e9s Yohan Manca, que forma parte de la LXXI Muestra Internacional de Cine.<\/p>\n\n\n\n<p>Est\u00e1 basada en la obra teatral de Hedi Tillette de Clermont Tonerre que muestra el talento como puerta de escape a un s\u00f3rdido destino.<\/p>\n\n\n\n<p>Nour no es bueno para el f\u00fatbol, ni tiene el f\u00edsico de Mo, y tiene que ayudar a rega\u00f1adientes a Heidi en la venta de drogas.<\/p>\n\n\n\n<p>Sin embargo, descubre que tiene talento para la m\u00fasica, interpretando fragmentos de \u201cLa traviata\u201d, la canci\u00f3n con la que su padre conquist\u00f3 a su madre.<\/p>\n\n\n\n<p>El debutante Manca nunca cae en el chantaje sentimental, pero se las arregla para conseguir momentos conmovedores en la complicada relaci\u00f3n de los hermanos, a los que solamente mantiene unidos la madre enferma.<\/p>\n\n\n\n<p>\u201cMes freres et moi\u201d, gan\u00f3 el premio a la mejor pel\u00edcula en el Festival de Valladolid y es de las cintas que no hay que perderse de esta muestra.&nbsp;&nbsp;&nbsp;&nbsp;<\/p>\n","protected":false},"excerpt":{"rendered":"<p>Un ni\u00f1o y la m\u00fasica: La Traviata Es la \u00f3pera prima del franc\u00e9s Yohan Manca, que forma parte de la LXXI Muestra Internacional de Cine El peque\u00f1o Nour (Mael Rouin Berrandou) es un chico de 14 a\u00f1os que no parece tener mucho futuro viviendo con sus hermanos y su madre enferma en casa. Abel (Dali [&hellip;]<\/p>\n","protected":false},"author":96,"featured_media":210717,"comment_status":"closed","ping_status":"closed","sticky":false,"template":"","format":"standard","meta":{"footnotes":""},"categories":[41,54,42],"tags":[],"class_list":["post-210716","post","type-post","status-publish","format-standard","has-post-thumbnail","hentry","category-arteria-cultural","category-jorge-carrasco","category-nuestrapalabra"],"_links":{"self":[{"href":"https:\/\/plazajuarez.mx\/historico\/wp-json\/wp\/v2\/posts\/210716","targetHints":{"allow":["GET"]}}],"collection":[{"href":"https:\/\/plazajuarez.mx\/historico\/wp-json\/wp\/v2\/posts"}],"about":[{"href":"https:\/\/plazajuarez.mx\/historico\/wp-json\/wp\/v2\/types\/post"}],"author":[{"embeddable":true,"href":"https:\/\/plazajuarez.mx\/historico\/wp-json\/wp\/v2\/users\/96"}],"replies":[{"embeddable":true,"href":"https:\/\/plazajuarez.mx\/historico\/wp-json\/wp\/v2\/comments?post=210716"}],"version-history":[{"count":0,"href":"https:\/\/plazajuarez.mx\/historico\/wp-json\/wp\/v2\/posts\/210716\/revisions"}],"wp:featuredmedia":[{"embeddable":true,"href":"https:\/\/plazajuarez.mx\/historico\/wp-json\/wp\/v2\/media\/210717"}],"wp:attachment":[{"href":"https:\/\/plazajuarez.mx\/historico\/wp-json\/wp\/v2\/media?parent=210716"}],"wp:term":[{"taxonomy":"category","embeddable":true,"href":"https:\/\/plazajuarez.mx\/historico\/wp-json\/wp\/v2\/categories?post=210716"},{"taxonomy":"post_tag","embeddable":true,"href":"https:\/\/plazajuarez.mx\/historico\/wp-json\/wp\/v2\/tags?post=210716"}],"curies":[{"name":"wp","href":"https:\/\/api.w.org\/{rel}","templated":true}]}}