{"id":210579,"date":"2022-04-08T08:13:15","date_gmt":"2022-04-08T13:13:15","guid":{"rendered":"https:\/\/plazajuarez.mx\/?p=210579"},"modified":"2022-04-08T08:13:28","modified_gmt":"2022-04-08T13:13:28","slug":"decretan-libertad-al-detenido-por-el-crimen-de-gerardo-sosa-cravioto","status":"publish","type":"post","link":"https:\/\/plazajuarez.mx\/historico\/decretan-libertad-al-detenido-por-el-crimen-de-gerardo-sosa-cravioto\/","title":{"rendered":"Decretan libertad al detenido por\u00a0el crimen de Gerardo Sosa Cravioto"},"content":{"rendered":"\n<p>Luego de pasar dos a\u00f1os en prisi\u00f3n, imputado de haber asesinado a balazos a Gerardo Sosa Cravioto, hijo del expresidente del patronato de la Universidad Aut\u00f3noma de Hidalgo (UAEH), Gerardo Sosa Castel\u00e1n, la madrugada de este jueves Fernando R\u00edos Maqueda fue declarado inocente y se decret\u00f3 su inmediata liberaci\u00f3n.<\/p>\n\n\n\n<p>Fue el tribunal de Enjuiciamiento, el que luego de varias horas de analizar el caso, dictamin\u00f3 insuficientes las pruebas aportadas por el Ministerio P\u00fablico en contra del acusado.<\/p>\n\n\n\n<p>Del caso los familiares de Fernando realizaron protestas y exigieron se hiciera justicia, ya que aseguraron que \u00e9l joven inculpado era inocente del crimen que se le imputaba y refirieron que fue un culpable que habr\u00edan fabricado.<\/p>\n\n\n\n<p>Del homicidio se recuerda que fue el 23 de febrero de 2020, cuando Sosa Cravioto fue atacado a balazos en inmediaciones de la localidad de Santa Ana Hueytlalpan del municipio de Acaxochitl\u00e1n, de donde por cierto era originario.<\/p>\n\n\n\n<p>Al momento del ataque Sosa Cravioto de 30 a\u00f1os de edad, habr\u00eda recibido cuatro impactos de arma de fuego, que lo dejaron debati\u00e9ndose entre la vida y la muerte, por lo que sus familiares lo trasladaron a una cl\u00ednica particular, para tratar de salvarle la vida, sin embargo en el nosocomio falleci\u00f3.<\/p>\n\n\n\n<p>Es as\u00ed como finalmente la madrugada de ayer Fernando R\u00edos Maqueda, recuper\u00f3 su libertad y en las instalaciones de los tribunales de enjuiciamiento, estuvo acompa\u00f1ado de familiares y amigos que celebraron su liberaci\u00f3n.<\/p>\n","protected":false},"excerpt":{"rendered":"<p>Luego de pasar dos a\u00f1os en prisi\u00f3n, imputado de haber asesinado a balazos a Gerardo Sosa Cravioto, hijo del expresidente del patronato de la Universidad Aut\u00f3noma de Hidalgo (UAEH), Gerardo Sosa Castel\u00e1n, la madrugada de este jueves Fernando R\u00edos Maqueda fue declarado inocente y se decret\u00f3 su inmediata liberaci\u00f3n. Fue el tribunal de Enjuiciamiento, el [&hellip;]<\/p>\n","protected":false},"author":93,"featured_media":210580,"comment_status":"closed","ping_status":"closed","sticky":false,"template":"","format":"standard","meta":{"footnotes":""},"categories":[37,15],"tags":[],"class_list":["post-210579","post","type-post","status-publish","format-standard","has-post-thumbnail","hentry","category-barandilla","category-destacadas"],"_links":{"self":[{"href":"https:\/\/plazajuarez.mx\/historico\/wp-json\/wp\/v2\/posts\/210579","targetHints":{"allow":["GET"]}}],"collection":[{"href":"https:\/\/plazajuarez.mx\/historico\/wp-json\/wp\/v2\/posts"}],"about":[{"href":"https:\/\/plazajuarez.mx\/historico\/wp-json\/wp\/v2\/types\/post"}],"author":[{"embeddable":true,"href":"https:\/\/plazajuarez.mx\/historico\/wp-json\/wp\/v2\/users\/93"}],"replies":[{"embeddable":true,"href":"https:\/\/plazajuarez.mx\/historico\/wp-json\/wp\/v2\/comments?post=210579"}],"version-history":[{"count":0,"href":"https:\/\/plazajuarez.mx\/historico\/wp-json\/wp\/v2\/posts\/210579\/revisions"}],"wp:featuredmedia":[{"embeddable":true,"href":"https:\/\/plazajuarez.mx\/historico\/wp-json\/wp\/v2\/media\/210580"}],"wp:attachment":[{"href":"https:\/\/plazajuarez.mx\/historico\/wp-json\/wp\/v2\/media?parent=210579"}],"wp:term":[{"taxonomy":"category","embeddable":true,"href":"https:\/\/plazajuarez.mx\/historico\/wp-json\/wp\/v2\/categories?post=210579"},{"taxonomy":"post_tag","embeddable":true,"href":"https:\/\/plazajuarez.mx\/historico\/wp-json\/wp\/v2\/tags?post=210579"}],"curies":[{"name":"wp","href":"https:\/\/api.w.org\/{rel}","templated":true}]}}