{"id":210304,"date":"2022-04-06T14:10:37","date_gmt":"2022-04-06T19:10:37","guid":{"rendered":"https:\/\/plazajuarez.mx\/?p=210304"},"modified":"2022-04-06T14:10:58","modified_gmt":"2022-04-06T19:10:58","slug":"amlo_revocacion-2","status":"publish","type":"post","link":"https:\/\/plazajuarez.mx\/historico\/amlo_revocacion-2\/","title":{"rendered":"Alertan por falso llamado a revocaci\u00f3n de mandato de AMLO"},"content":{"rendered":"\n<p>En redes sociales circula una imagen donde supuestamente la Secretar\u00eda de Cultura de la Ciudad de M\u00e9xico invit\u00f3 a participar en la consulta de revocaci\u00f3n de mandato de Andr\u00e9s Manuel L\u00f3pez Obrador, a trav\u00e9s de su cuenta de Twitter.<\/p>\n\n\n\n<p>Sin embargo, la cuenta oficial de la dependencia capitalina dijo que se trata de una publicaci\u00f3n falsa, debido a que el nombre de la cuenta y el logotipo que difunden la imagen son incorrectos.<\/p>\n\n\n\n<p>&#8220;Circula en redes sociales informaci\u00f3n completamente falsa a nombre de esta dependencia. Te invitamos a seguir nuestros medios oficiales y evitar la desinformaci\u00f3n. #VerificaAntesDeCompartir&#8221;, escribi\u00f3 la Secretar\u00eda.<\/p>\n\n\n\n<p>&#8212;Alertan por publicaci\u00f3n falsa<\/p>\n\n\n\n<p>La Secretar\u00eda de Cultura de la capital difundi\u00f3 el mensaje en todas sus redes oficiales.<\/p>\n\n\n\n<p>&#8220;Este domingo de ramos, no te olvides de refrendar el apoyo en quien dio voz y representaci\u00f3n a los pobres de M\u00e9xico&#8221;, se lee en la publicaci\u00f3n de redes, la cual ya suma miles de interacciones en Twitter.<\/p>\n\n\n\n<p>La publicaci\u00f3n en cuesti\u00f3n muestra una ilustraci\u00f3n en la que aparece el presidente Andr\u00e9s Manuel L\u00f3pez Obrador rodeado de un grupo de personas en bata blanca, lo cual hace alusi\u00f3n a la Semana Santa.<\/p>\n\n\n\n<p>Al verificar la p\u00e1gina oficial de la Secretar\u00eda de Cultura de la Ciudad de M\u00e9xico, se observa que su foto de perfil es un logotipo distinto al que aparece en la publicaci\u00f3n ap\u00f3crifa.<\/p>\n","protected":false},"excerpt":{"rendered":"<p>En redes sociales circula una imagen donde supuestamente la Secretar\u00eda de Cultura de la Ciudad de M\u00e9xico invit\u00f3 a participar en la consulta de revocaci\u00f3n de mandato de Andr\u00e9s Manuel L\u00f3pez Obrador, a trav\u00e9s de su cuenta de Twitter. Sin embargo, la cuenta oficial de la dependencia capitalina dijo que se trata de una publicaci\u00f3n [&hellip;]<\/p>\n","protected":false},"author":81,"featured_media":204151,"comment_status":"closed","ping_status":"closed","sticky":false,"template":"","format":"standard","meta":{"footnotes":""},"categories":[36],"tags":[2336],"class_list":["post-210304","post","type-post","status-publish","format-standard","has-post-thumbnail","hentry","category-nacion","tag-consulta"],"_links":{"self":[{"href":"https:\/\/plazajuarez.mx\/historico\/wp-json\/wp\/v2\/posts\/210304","targetHints":{"allow":["GET"]}}],"collection":[{"href":"https:\/\/plazajuarez.mx\/historico\/wp-json\/wp\/v2\/posts"}],"about":[{"href":"https:\/\/plazajuarez.mx\/historico\/wp-json\/wp\/v2\/types\/post"}],"author":[{"embeddable":true,"href":"https:\/\/plazajuarez.mx\/historico\/wp-json\/wp\/v2\/users\/81"}],"replies":[{"embeddable":true,"href":"https:\/\/plazajuarez.mx\/historico\/wp-json\/wp\/v2\/comments?post=210304"}],"version-history":[{"count":0,"href":"https:\/\/plazajuarez.mx\/historico\/wp-json\/wp\/v2\/posts\/210304\/revisions"}],"wp:featuredmedia":[{"embeddable":true,"href":"https:\/\/plazajuarez.mx\/historico\/wp-json\/wp\/v2\/media\/204151"}],"wp:attachment":[{"href":"https:\/\/plazajuarez.mx\/historico\/wp-json\/wp\/v2\/media?parent=210304"}],"wp:term":[{"taxonomy":"category","embeddable":true,"href":"https:\/\/plazajuarez.mx\/historico\/wp-json\/wp\/v2\/categories?post=210304"},{"taxonomy":"post_tag","embeddable":true,"href":"https:\/\/plazajuarez.mx\/historico\/wp-json\/wp\/v2\/tags?post=210304"}],"curies":[{"name":"wp","href":"https:\/\/api.w.org\/{rel}","templated":true}]}}