{"id":210301,"date":"2022-04-06T14:03:23","date_gmt":"2022-04-06T19:03:23","guid":{"rendered":"https:\/\/plazajuarez.mx\/?p=210301"},"modified":"2022-04-06T14:03:35","modified_gmt":"2022-04-06T19:03:35","slug":"sasha_sokol","status":"publish","type":"post","link":"https:\/\/plazajuarez.mx\/historico\/sasha_sokol\/","title":{"rendered":"Sasha Sokol da detalles de su historia y advierte demanda a Luis De Llano"},"content":{"rendered":"\n<p>Con el contundente mensaje &#8220;nos vemos en los tribunales&#8221;, dirigido al productor mexicano Luis De Llano, la cantante Sasha Sokol explic\u00f3 la situaci\u00f3n de abuso sexual que vivi\u00f3 en su infancia a manos de quien en aquel entonces era su representante.<\/p>\n\n\n\n<p>&#8220;Pens\u00e9 que no tendr\u00eda que hablar m\u00e1s sobre este tema pero las circunstancias no me dejan alternativa. Luis miente al querer involucrar a mis padres diciendo que la relaci\u00f3n fue &#8216;transparente&#8217;. Nada est\u00e1 m\u00e1s lejos de la verdad&#8221;, cuenta la cantante en un bolet\u00edn difundido a los medios y en sus redes sociales.<\/p>\n\n\n\n<p>El comunicado es una respuesta de Sokol a las palabras de De Llano una semana atr\u00e1s en donde aseguraba que hab\u00eda tenido una relaci\u00f3n &#8220;transparente&#8221; y &#8220;abierta&#8221; con la joven y que en todo momento su familia y sus cercanos estuvieron enterados.<\/p>\n\n\n\n<p>Tambi\u00e9n ped\u00eda una disculpa a la modelo por haber hablado de una situaci\u00f3n privada que consider\u00f3, solo le compet\u00eda a ellos dos y expres\u00f3 su admiraci\u00f3n a Sasha.<\/p>\n\n\n\n<p>&#8220;Mi relaci\u00f3n con Sasha S\u00f6kol siempre fue abierta y transparente por parte de ella y de su familia. En todo momento y bajo toda circunstancia nos brindamos rec\u00edprocamente respeto, compa\u00f1\u00eda, empat\u00eda, amor y comprensi\u00f3n\u2026\u201d, expres\u00f3 el productor de Timbiriche.<\/p>\n\n\n\n<p>Ante esto, Sasha mencion\u00f3 que cuando comenz\u00f3 su relaci\u00f3n con De Llano con 14 a\u00f1os, tuvo que esperar m\u00e1s de dos a\u00f1os para cont\u00e1rselo a su madre, quien al enterarse hizo todo lo posible por separarlos, y &#8220;lo encar\u00f3&#8221;.<\/p>\n\n\n\n<p>&#8220;Al tratar de echar la culpa a mi mam\u00e1, \u2014las personas que no pueden ver lo que no ven\u2014, simplemente diluyen la responsabilidad del \u00fanico culpable. Y no hay nada que revictimice m\u00e1s a la v\u00edctima que mantener la impunidad del victimario&#8221;, explic\u00f3 Sokol.<\/p>\n\n\n\n<p>La relaci\u00f3n entre Sasha y De Llano estuvo en la mirada del p\u00fablico por a\u00f1os pero el tema volvi\u00f3 a tomar fuerza despu\u00e9s de que De Llano afirmara durante una entrevista digital haber tenido una relaci\u00f3n con Sokol cuando ella ten\u00eda 17 a\u00f1os que, seg\u00fan cont\u00f3, dur\u00f3 seis meses.<\/p>\n\n\n\n<p>Despu\u00e9s de dichas declaraciones, el 8 de marzo Sasha desminti\u00f3 a Luis y asegur\u00f3 que el tiempo que dur\u00f3 su relaci\u00f3n fue de casi cuatro a\u00f1os comenzando cuando ella ten\u00eda 14 a\u00f1os y \u00e9l 39.<\/p>\n\n\n\n<p>Asimismo asegur\u00f3 que el gran poder econ\u00f3mico e influencia en la industria del entretenimiento que De Llano ten\u00eda en aquel entonces fren\u00f3 los intentos de su familia para denunciar por miedo a arruinar su carrera.<\/p>\n\n\n\n<p>En el mismo comunicado Sasha explic\u00f3 el t\u00e9rmino &#8220;grooming&#8221;, que hace referencia a las acciones emprendidas por un adulto con la intenci\u00f3n de crear un v\u00ednculo emocional con un menor para abusar sexualmente de ella.<\/p>\n\n\n\n<p>&#8220;Luis era admirado y aplaudido por todos a mi alrededor. \u00bfSe imaginan lo que siente un menor recibiendo la atenci\u00f3n de alguien as\u00ed? Ser vista por \u00e9l me hizo sentir la ni\u00f1a m\u00e1s especial del mundo&#8221;, apunt\u00f3. EFE<\/p>\n\n\n\n<p>mrl\/esc\/cpy<\/p>\n\n\n\n<p>(foto)<\/p>\n","protected":false},"excerpt":{"rendered":"<p>Con el contundente mensaje &#8220;nos vemos en los tribunales&#8221;, dirigido al productor mexicano Luis De Llano, la cantante Sasha Sokol explic\u00f3 la situaci\u00f3n de abuso sexual que vivi\u00f3 en su infancia a manos de quien en aquel entonces era su representante. &#8220;Pens\u00e9 que no tendr\u00eda que hablar m\u00e1s sobre este tema pero las circunstancias no [&hellip;]<\/p>\n","protected":false},"author":81,"featured_media":210302,"comment_status":"closed","ping_status":"closed","sticky":false,"template":"","format":"standard","meta":{"footnotes":""},"categories":[38],"tags":[2257],"class_list":["post-210301","post","type-post","status-publish","format-standard","has-post-thumbnail","hentry","category-show","tag-abuso"],"_links":{"self":[{"href":"https:\/\/plazajuarez.mx\/historico\/wp-json\/wp\/v2\/posts\/210301","targetHints":{"allow":["GET"]}}],"collection":[{"href":"https:\/\/plazajuarez.mx\/historico\/wp-json\/wp\/v2\/posts"}],"about":[{"href":"https:\/\/plazajuarez.mx\/historico\/wp-json\/wp\/v2\/types\/post"}],"author":[{"embeddable":true,"href":"https:\/\/plazajuarez.mx\/historico\/wp-json\/wp\/v2\/users\/81"}],"replies":[{"embeddable":true,"href":"https:\/\/plazajuarez.mx\/historico\/wp-json\/wp\/v2\/comments?post=210301"}],"version-history":[{"count":0,"href":"https:\/\/plazajuarez.mx\/historico\/wp-json\/wp\/v2\/posts\/210301\/revisions"}],"wp:featuredmedia":[{"embeddable":true,"href":"https:\/\/plazajuarez.mx\/historico\/wp-json\/wp\/v2\/media\/210302"}],"wp:attachment":[{"href":"https:\/\/plazajuarez.mx\/historico\/wp-json\/wp\/v2\/media?parent=210301"}],"wp:term":[{"taxonomy":"category","embeddable":true,"href":"https:\/\/plazajuarez.mx\/historico\/wp-json\/wp\/v2\/categories?post=210301"},{"taxonomy":"post_tag","embeddable":true,"href":"https:\/\/plazajuarez.mx\/historico\/wp-json\/wp\/v2\/tags?post=210301"}],"curies":[{"name":"wp","href":"https:\/\/api.w.org\/{rel}","templated":true}]}}