{"id":210298,"date":"2022-04-06T13:56:19","date_gmt":"2022-04-06T18:56:19","guid":{"rendered":"https:\/\/plazajuarez.mx\/?p=210298"},"modified":"2022-04-06T13:56:27","modified_gmt":"2022-04-06T18:56:27","slug":"polemica_amlo","status":"publish","type":"post","link":"https:\/\/plazajuarez.mx\/historico\/polemica_amlo\/","title":{"rendered":"De Maule\u00f3n y Villamil se suben a pol\u00e9mica de Loret y AMLO"},"content":{"rendered":"\n<p>Hace unas horas, Carlos Loret de Mola le ofreci\u00f3 al presidente, Andr\u00e9s Manuel L\u00f3pez Obrador, venderle el supuesto departamento que el mandatario asegura que es propiedad del periodista en Miami, con un costo de 5 millones de d\u00f3lares, y una propiedad en Valle de Bravo de varias hect\u00e1reas.<\/p>\n\n\n\n<p>Tras la discusi\u00f3n, decenas de tuiteros externaron su opini\u00f3n, unos a favor y otros en contra de Loret de Mola y del Presidente.<\/p>\n\n\n\n<p>Pero en la pol\u00e9mica, destacan dos posturas. Una es la de Jenaro Villamil, quien insiste en que Loret no aclar\u00f3 si es vecino o no de Genaro Garc\u00eda Luna, el exsecretario de Seguridad P\u00fablica durante el sexenio de Felipe Calder\u00f3n.<\/p>\n\n\n\n<p>&#8212;Loret, \u00bfvecino de Garc\u00eda Luna?<\/p>\n\n\n\n<p>&#8220;No est\u00e1 claro el desmentido de @CarlosLoret: que no vale 5 mdd su departamento en Miami? Entonces, cu\u00e1nto vale. Es vecino de Garcia (sic) Luna? H\u00e1bilmente ni lo menciona. Y si lo quiere regalar, entonces cu\u00e1ntos departamentos tiene exactamente?&#8221;, escribi\u00f3 Villamil en Twitter.<\/p>\n\n\n\n<p>Sin embargo, el periodista H\u00e9ctor de Maule\u00f3n abon\u00f3 al debate. &#8220;\u00bfEl grave delito de ser vecino de Garc\u00eda Luna, cu\u00e1ntos a\u00f1os alcanza?&#8221;, revir\u00f3.<\/p>\n","protected":false},"excerpt":{"rendered":"<p>Hace unas horas, Carlos Loret de Mola le ofreci\u00f3 al presidente, Andr\u00e9s Manuel L\u00f3pez Obrador, venderle el supuesto departamento que el mandatario asegura que es propiedad del periodista en Miami, con un costo de 5 millones de d\u00f3lares, y una propiedad en Valle de Bravo de varias hect\u00e1reas. Tras la discusi\u00f3n, decenas de tuiteros externaron [&hellip;]<\/p>\n","protected":false},"author":81,"featured_media":210299,"comment_status":"closed","ping_status":"closed","sticky":false,"template":"","format":"standard","meta":{"footnotes":""},"categories":[15,36],"tags":[144],"class_list":["post-210298","post","type-post","status-publish","format-standard","has-post-thumbnail","hentry","category-destacadas","category-nacion","tag-amlo"],"_links":{"self":[{"href":"https:\/\/plazajuarez.mx\/historico\/wp-json\/wp\/v2\/posts\/210298","targetHints":{"allow":["GET"]}}],"collection":[{"href":"https:\/\/plazajuarez.mx\/historico\/wp-json\/wp\/v2\/posts"}],"about":[{"href":"https:\/\/plazajuarez.mx\/historico\/wp-json\/wp\/v2\/types\/post"}],"author":[{"embeddable":true,"href":"https:\/\/plazajuarez.mx\/historico\/wp-json\/wp\/v2\/users\/81"}],"replies":[{"embeddable":true,"href":"https:\/\/plazajuarez.mx\/historico\/wp-json\/wp\/v2\/comments?post=210298"}],"version-history":[{"count":0,"href":"https:\/\/plazajuarez.mx\/historico\/wp-json\/wp\/v2\/posts\/210298\/revisions"}],"wp:featuredmedia":[{"embeddable":true,"href":"https:\/\/plazajuarez.mx\/historico\/wp-json\/wp\/v2\/media\/210299"}],"wp:attachment":[{"href":"https:\/\/plazajuarez.mx\/historico\/wp-json\/wp\/v2\/media?parent=210298"}],"wp:term":[{"taxonomy":"category","embeddable":true,"href":"https:\/\/plazajuarez.mx\/historico\/wp-json\/wp\/v2\/categories?post=210298"},{"taxonomy":"post_tag","embeddable":true,"href":"https:\/\/plazajuarez.mx\/historico\/wp-json\/wp\/v2\/tags?post=210298"}],"curies":[{"name":"wp","href":"https:\/\/api.w.org\/{rel}","templated":true}]}}