{"id":210295,"date":"2022-04-06T13:51:27","date_gmt":"2022-04-06T18:51:27","guid":{"rendered":"https:\/\/plazajuarez.mx\/?p=210295"},"modified":"2022-04-06T13:51:38","modified_gmt":"2022-04-06T18:51:38","slug":"amlo_consulta-2","status":"publish","type":"post","link":"https:\/\/plazajuarez.mx\/historico\/amlo_consulta-2\/","title":{"rendered":"Por consulta de AMLO, alistan operativo de seguridad en CDMX"},"content":{"rendered":"\n<p>El Gobierno de la Ciudad de M\u00e9xico anunci\u00f3 que se desplegar\u00e1n 6 mil elementos de la Secretar\u00eda de Seguridad Ciudadana (SSC) este 10 de abril para la jornada de la Consulta de Revocaci\u00f3n de Mandato del presidente Andr\u00e9s Manuel L\u00f3pez Obrador.<\/p>\n\n\n\n<p>En conferencia de prensa, la Jefa de Gobierno, Claudia Sheinbaum, explic\u00f3 que el operativo se va a desplegar en 4 mil 810 casillas y 24 especiales para votar en la consulta, 24 sedes distritales, adem\u00e1s se van a desplegar mil 139 oficiales de tr\u00e1nsito, 5 mil 410 elementos de seguridad.<\/p>\n\n\n\n<p>&#8220;Va a haber un equipo del Gobierno de la Ciudad con representaci\u00f3n del Instituto Nacional Electoral (INE) en el C5 de la Ciudad de M\u00e9xico para revisar cualquier denuncia o problema y que de inmediato pueda ser atendido&#8221;.<\/p>\n\n\n\n<p>En ese sentido, el secretario de Gobierno de la Ciudad de M\u00e9xico, Mart\u00ed Batres, explic\u00f3 que el operativo consistente en garantizar la seguridad en la jornada y evitar cualquier tipo de conflicto que pueda suscitarse, por lo que se instalar\u00e1 la Base Morelos para monitorear la jornada de participaci\u00f3n ciudadana, tambi\u00e9n habr\u00e1 vigilancia externa para el monitoreo de la jornada por medio de las c\u00e1maras del C5 y rondines con patrullas en los planteles educativos que funcionar\u00e1n como casillas.<\/p>\n\n\n\n<p>As\u00ed como para apoyo vial para los veh\u00edculos de carga que transporten la documentaci\u00f3n y materiales del ejercicio que circulen por los ejes viales y las avenidas principales; hacer tareas de vigilancia para el resguardo del mobiliario que se ocupar\u00e1 para el equipamiento de las casillas, y monitoreo de la jornada.<\/p>\n\n\n\n<p>&#8212;Operativo en 16 alcald\u00edas<\/p>\n\n\n\n<p>Mientras tanto, el subsecretario de Participaci\u00f3n Ciudadana y Prevenci\u00f3n del Delito, Pablo V\u00e1zquez Camacho, explic\u00f3 que el operativo ser\u00e1 para las 16 alcald\u00edas con un desplegado de 6 mil elementos de seguridad, con 531 veh\u00edculos de emergencia.<\/p>\n\n\n\n<p>A partir de las 6:00 horas hasta el t\u00e9rmino de la jornada ser\u00e1n desplegados mil 600 elementos de tr\u00e1nsito para agilizar la movilizaci\u00f3n del tr\u00e1nsito vehicular.<\/p>\n\n\n\n<p>Al concluir la jornada, los elementos de seguridad van a acompa\u00f1ar los paquetes de la consulta a las juntas distritales.<\/p>\n\n\n\n<p>Se mantendr\u00e1 el alcohol\u00edmetro en la capital del pa\u00eds.<\/p>\n\n\n\n<p>&#8220;En colaboraci\u00f3n con los Centros de Control y Comando los C2 y con el C5 se realizar\u00e1 el monitoreo permanente de las c\u00e1maras de videovigilancia para detectar cualquier acto que ponga en riesgo la seguridad de las personas, teniendo tambi\u00e9n un Centro de Mando en las instalaciones de la Secretar\u00eda. El C5 estar\u00e1 monitoreando cada una de las casillas, as\u00ed como las 24 sedes distritales federales, las 33 sedes distritales locales, las instalaciones del INE, del Instituto Nacional Electoral, y tendremos representaci\u00f3n del INE en el centro de mando que se instalar\u00e1 el domingo&#8221;.<\/p>\n","protected":false},"excerpt":{"rendered":"<p>El Gobierno de la Ciudad de M\u00e9xico anunci\u00f3 que se desplegar\u00e1n 6 mil elementos de la Secretar\u00eda de Seguridad Ciudadana (SSC) este 10 de abril para la jornada de la Consulta de Revocaci\u00f3n de Mandato del presidente Andr\u00e9s Manuel L\u00f3pez Obrador. En conferencia de prensa, la Jefa de Gobierno, Claudia Sheinbaum, explic\u00f3 que el operativo [&hellip;]<\/p>\n","protected":false},"author":81,"featured_media":206702,"comment_status":"closed","ping_status":"closed","sticky":false,"template":"","format":"standard","meta":{"footnotes":""},"categories":[2160],"tags":[144],"class_list":["post-210295","post","type-post","status-publish","format-standard","has-post-thumbnail","hentry","category-noticias-de-la-ciudad-de-mexico","tag-amlo"],"_links":{"self":[{"href":"https:\/\/plazajuarez.mx\/historico\/wp-json\/wp\/v2\/posts\/210295","targetHints":{"allow":["GET"]}}],"collection":[{"href":"https:\/\/plazajuarez.mx\/historico\/wp-json\/wp\/v2\/posts"}],"about":[{"href":"https:\/\/plazajuarez.mx\/historico\/wp-json\/wp\/v2\/types\/post"}],"author":[{"embeddable":true,"href":"https:\/\/plazajuarez.mx\/historico\/wp-json\/wp\/v2\/users\/81"}],"replies":[{"embeddable":true,"href":"https:\/\/plazajuarez.mx\/historico\/wp-json\/wp\/v2\/comments?post=210295"}],"version-history":[{"count":0,"href":"https:\/\/plazajuarez.mx\/historico\/wp-json\/wp\/v2\/posts\/210295\/revisions"}],"wp:featuredmedia":[{"embeddable":true,"href":"https:\/\/plazajuarez.mx\/historico\/wp-json\/wp\/v2\/media\/206702"}],"wp:attachment":[{"href":"https:\/\/plazajuarez.mx\/historico\/wp-json\/wp\/v2\/media?parent=210295"}],"wp:term":[{"taxonomy":"category","embeddable":true,"href":"https:\/\/plazajuarez.mx\/historico\/wp-json\/wp\/v2\/categories?post=210295"},{"taxonomy":"post_tag","embeddable":true,"href":"https:\/\/plazajuarez.mx\/historico\/wp-json\/wp\/v2\/tags?post=210295"}],"curies":[{"name":"wp","href":"https:\/\/api.w.org\/{rel}","templated":true}]}}