{"id":210292,"date":"2022-04-06T13:46:14","date_gmt":"2022-04-06T18:46:14","guid":{"rendered":"https:\/\/plazajuarez.mx\/?p=210292"},"modified":"2022-04-06T13:46:25","modified_gmt":"2022-04-06T18:46:25","slug":"teatro_pinal","status":"publish","type":"post","link":"https:\/\/plazajuarez.mx\/historico\/teatro_pinal\/","title":{"rendered":"Silvia Pinal alista debut en teatro infantil a sus 91 a\u00f1os"},"content":{"rendered":"\n<p> La diva del cine mexicano Silvia Pinal, manifest\u00f3 el cari\u00f1o que le tiene al cantante Luis Miguel, pese al turbulento pasado que lo une con el clan Pinal, al ser el padre biol\u00f3gico de su bisnieta Michelle Salas; a unos d\u00edas de que el llamado &#8220;El Sol&#8221; cumpla 51 a\u00f1os de edad.<\/p>\n\n\n\n<p>&#8220;Luis Miguel aunque no lo quiera \u00e9l yo s\u00ed lo quiero, es un muchacho talentos\u00edsimo, por los pa\u00edses que he viajado he tenido el placer de ver c\u00f3mo lo quiere la gente, c\u00f3mo lo apapachan&#8221;, dijo Silvia Pinal durante el encuentro que tuvo con los medios de comunicaci\u00f3n, para anunciar su participaci\u00f3n en la obra &#8220;Caperucita \u00a1Qu\u00e9 onda con tu abuelita!&#8221;.<\/p>\n\n\n\n<p>La tambi\u00e9n estrella del teatro, se\u00f1al\u00f3 lo inteligente que ha sido el int\u00e9rprete al rodearse de gente que le conviene para su carrera, como su exm\u00e1nager Hugo L\u00f3pez, y adem\u00e1s volvi\u00f3 a resaltar que Luis Miguel tiene todo para seguir forjando su leyenda, como su belleza y su fortuna.<\/p>\n\n\n\n<p>Silvia Pinal se prepara para hacer su debut en teatro infantil el 8 de mayo, en el escenario que lleva su nombre y que se ubica en la calle de Versalles n\u00famero 27, en la colonia Ju\u00e1rez; motivo por el cual se dice emocionada y sobre todo ilusionada.<\/p>\n\n\n\n<p>&#8220;Siento la alegr\u00eda de trabajar, en la vida a nosotros los actores si nos dan trabajo es lo mejor que nos puede pasar, en este caso y en este momento yo agradezco a todos lo que me han ayudado para traer a todos ustedes la vida de una viejita medio loca, medio chistosa y rica, que tiene mucho dinero para gasta y lo gasta se\u00f1ores&#8221;, bromea Pinal sobre su personaje de la abuelita.<\/p>\n\n\n\n<p>&#8212;&#8220;Como abuelita soy a todo dar&#8221;<\/p>\n\n\n\n<p>El productor Iv\u00e1n Cochegrus explic\u00f3 que durante la pandemia, Silvia Pinal le comparti\u00f3 su deseo de volver al teatro y al verla jugar con su nieto Apolo, supo de inmediato que una nueva versi\u00f3n de Caperucita ser\u00eda el proyecto ideal para ella y desde el a\u00f1o pasado se dieron a la tarea de preparar este montaje.<\/p>\n\n\n\n<p>&#8220;Como abuelita soy a todo dar&#8221;, expres\u00f3 Silvia Pinal, que estar\u00e1 compartiendo el escenario con Carlos Ignacio, Norma Lazaren, Mar\u00eda Rebeca Alonso, Mary Paz Banquells, Sergio Saldivar y Rebeca Algar\u00edn.<\/p>\n\n\n\n<p>El tambi\u00e9n director de este montaje Carlos Ignacio, se\u00f1al\u00f3 que a trav\u00e9s de &#8220;Caperucita \u00a1Qu\u00e9 onda con tu abuelita!&#8221;, Silvia Pinal est\u00e1 cumpliendo un ciclo porque nunca hab\u00eda hecho teatro infantil en 73 a\u00f1os de carrera art\u00edstica, por lo que espera sea una grata sorpresa para su p\u00fablico la forma en que se presentar\u00e1 esta diva en este musical.<\/p>\n\n\n\n<p>&#8220;Es una cosa muy hermosa recordar la infancia, recordar la juventud, recordar las cosas bellas que se quedaron atr\u00e1s y que podemos encontrar aqu\u00ed, en una cosa tan sencilla y simple. Cuando me ofrecieron la obra s\u00ed me gust\u00f3, porque en mi infancia no tuve la suerte de tener estas cosas para disfrutarlas; por eso me pareci\u00f3 fabuloso poder presentarlas a la gente y que vieran que pod\u00eda hacer otras cosas que no hab\u00eda hecho nunca y yo espero que les guste&#8221;, coment\u00f3 Pinal.<\/p>\n\n\n\n<p>Si bien Silvia Pinal estuvo realizando algunas participaciones especiales en programas como &#8220;Una Familia de Diez,&#8221; uno de sus grandes anhelos al terminar la pandemia, era volver a estar frente al p\u00fablico y en un escenario, a pesar de que sus hijas Alejandra Guzm\u00e1n y Sylvia Pasquel le dijeron que estaba loca.<\/p>\n\n\n\n<p>&#8220;Esa es la llave que me ayuda a salir y decir, aqu\u00ed estoy yo se\u00f1oras y se\u00f1ores, la abuelita que est\u00e1 viejita pero todav\u00eda jala&#8230; El teatro es un veneno maravilloso sobre todo para los actores, es una bendici\u00f3n de Dios&#8221;, expres\u00f3 la actriz de 91 a\u00f1os.<\/p>\n\n\n\n<p>Iv\u00e1n Cochegrus explic\u00f3 que esta producci\u00f3n saldr\u00e1 de gira, pero s\u00f3lo a las grandes ciudades del pa\u00eds, donde tengan la posibilidad de llegar por avi\u00f3n y poder ofrecer una funci\u00f3n, por ejemplo, ya tienen confirmada una presentaci\u00f3n en Acapulco.<\/p>\n","protected":false},"excerpt":{"rendered":"<p>La diva del cine mexicano Silvia Pinal, manifest\u00f3 el cari\u00f1o que le tiene al cantante Luis Miguel, pese al turbulento pasado que lo une con el clan Pinal, al ser el padre biol\u00f3gico de su bisnieta Michelle Salas; a unos d\u00edas de que el llamado &#8220;El Sol&#8221; cumpla 51 a\u00f1os de edad. &#8220;Luis Miguel aunque [&hellip;]<\/p>\n","protected":false},"author":81,"featured_media":210293,"comment_status":"closed","ping_status":"closed","sticky":false,"template":"","format":"standard","meta":{"footnotes":""},"categories":[38],"tags":[2375],"class_list":["post-210292","post","type-post","status-publish","format-standard","has-post-thumbnail","hentry","category-show","tag-espectaculos"],"_links":{"self":[{"href":"https:\/\/plazajuarez.mx\/historico\/wp-json\/wp\/v2\/posts\/210292","targetHints":{"allow":["GET"]}}],"collection":[{"href":"https:\/\/plazajuarez.mx\/historico\/wp-json\/wp\/v2\/posts"}],"about":[{"href":"https:\/\/plazajuarez.mx\/historico\/wp-json\/wp\/v2\/types\/post"}],"author":[{"embeddable":true,"href":"https:\/\/plazajuarez.mx\/historico\/wp-json\/wp\/v2\/users\/81"}],"replies":[{"embeddable":true,"href":"https:\/\/plazajuarez.mx\/historico\/wp-json\/wp\/v2\/comments?post=210292"}],"version-history":[{"count":0,"href":"https:\/\/plazajuarez.mx\/historico\/wp-json\/wp\/v2\/posts\/210292\/revisions"}],"wp:featuredmedia":[{"embeddable":true,"href":"https:\/\/plazajuarez.mx\/historico\/wp-json\/wp\/v2\/media\/210293"}],"wp:attachment":[{"href":"https:\/\/plazajuarez.mx\/historico\/wp-json\/wp\/v2\/media?parent=210292"}],"wp:term":[{"taxonomy":"category","embeddable":true,"href":"https:\/\/plazajuarez.mx\/historico\/wp-json\/wp\/v2\/categories?post=210292"},{"taxonomy":"post_tag","embeddable":true,"href":"https:\/\/plazajuarez.mx\/historico\/wp-json\/wp\/v2\/tags?post=210292"}],"curies":[{"name":"wp","href":"https:\/\/api.w.org\/{rel}","templated":true}]}}