{"id":210136,"date":"2022-04-05T14:10:02","date_gmt":"2022-04-05T19:10:02","guid":{"rendered":"https:\/\/plazajuarez.mx\/?p=210136"},"modified":"2022-04-05T14:10:08","modified_gmt":"2022-04-05T19:10:08","slug":"amlo_secretario","status":"publish","type":"post","link":"https:\/\/plazajuarez.mx\/historico\/amlo_secretario\/","title":{"rendered":"AMLO mantiene reuni\u00f3n con secretario de Agricultura de EU"},"content":{"rendered":"\n<p>El presidente Andr\u00e9s Manuel L\u00f3pez Obrador y el secretario de Agricultura de Estados Unidos, Tom Vilsack, sostuvieron una reuni\u00f3n de trabajo en la cual el mandatario mexicano destac\u00f3 que en tres a\u00f1os aument\u00f3 en 35% el comercio agroindustrial entre ambas naciones.<\/p>\n\n\n\n<p>&#8220;En tres a\u00f1os, el comercio agroindustrial entre nuestros pa\u00edses pas\u00f3 de 47 mil 400 millones de d\u00f3lares a 64 mil millones de d\u00f3lares; creci\u00f3 35 por ciento. El futuro seguir\u00e1 siendo promisorio&#8221;, escribi\u00f3 el jefe del Ejecutivo federal en sus redes sociales.<\/p>\n\n\n\n<p>El encuentro se llev\u00f3 cabo en Palacio Nacional donde estuvieron presentes el embajador de Estados Unidos en M\u00e9xico, Ken Salazar; el secretario de Relaciones Exteriores, Marcelo Ebrard; el secretario de Agricultura, V\u00edctor Manuel Villalobos y el secretario de Hacienda, Rogelio Ram\u00edrez de la O.<\/p>\n\n\n\n<p>Al t\u00e9rmino de su conferencia de prensa de la ma\u00f1ana, el presidente L\u00f3pez Obrador inform\u00f3 que sostendr\u00eda un encuentro con Tom Vilsack.<\/p>\n\n\n\n<p>&#8212;AMLO sostiene reuni\u00f3n con Justin Trudeau<\/p>\n\n\n\n<p>Tambi\u00e9n al t\u00e9rmino de su conferencia matutina, el presidente L\u00f3pez Obrador inform\u00f3 que, a petici\u00f3n del primer ministro de Canad\u00e1, Justin Trudeau, ambos sostendr\u00edan una llamada telef\u00f3nica.<\/p>\n\n\n\n<p>El mandatario adelant\u00f3 que tocar\u00edan varios temas de la relaci\u00f3n binacional, entre ellos, su iniciativa de reforma el\u00e9ctrica.<\/p>\n","protected":false},"excerpt":{"rendered":"<p>El presidente Andr\u00e9s Manuel L\u00f3pez Obrador y el secretario de Agricultura de Estados Unidos, Tom Vilsack, sostuvieron una reuni\u00f3n de trabajo en la cual el mandatario mexicano destac\u00f3 que en tres a\u00f1os aument\u00f3 en 35% el comercio agroindustrial entre ambas naciones. &#8220;En tres a\u00f1os, el comercio agroindustrial entre nuestros pa\u00edses pas\u00f3 de 47 mil 400 [&hellip;]<\/p>\n","protected":false},"author":81,"featured_media":210137,"comment_status":"closed","ping_status":"closed","sticky":false,"template":"","format":"standard","meta":{"footnotes":""},"categories":[15,36],"tags":[144,209],"class_list":["post-210136","post","type-post","status-publish","format-standard","has-post-thumbnail","hentry","category-destacadas","category-nacion","tag-amlo","tag-eu"],"_links":{"self":[{"href":"https:\/\/plazajuarez.mx\/historico\/wp-json\/wp\/v2\/posts\/210136","targetHints":{"allow":["GET"]}}],"collection":[{"href":"https:\/\/plazajuarez.mx\/historico\/wp-json\/wp\/v2\/posts"}],"about":[{"href":"https:\/\/plazajuarez.mx\/historico\/wp-json\/wp\/v2\/types\/post"}],"author":[{"embeddable":true,"href":"https:\/\/plazajuarez.mx\/historico\/wp-json\/wp\/v2\/users\/81"}],"replies":[{"embeddable":true,"href":"https:\/\/plazajuarez.mx\/historico\/wp-json\/wp\/v2\/comments?post=210136"}],"version-history":[{"count":0,"href":"https:\/\/plazajuarez.mx\/historico\/wp-json\/wp\/v2\/posts\/210136\/revisions"}],"wp:featuredmedia":[{"embeddable":true,"href":"https:\/\/plazajuarez.mx\/historico\/wp-json\/wp\/v2\/media\/210137"}],"wp:attachment":[{"href":"https:\/\/plazajuarez.mx\/historico\/wp-json\/wp\/v2\/media?parent=210136"}],"wp:term":[{"taxonomy":"category","embeddable":true,"href":"https:\/\/plazajuarez.mx\/historico\/wp-json\/wp\/v2\/categories?post=210136"},{"taxonomy":"post_tag","embeddable":true,"href":"https:\/\/plazajuarez.mx\/historico\/wp-json\/wp\/v2\/tags?post=210136"}],"curies":[{"name":"wp","href":"https:\/\/api.w.org\/{rel}","templated":true}]}}