{"id":210076,"date":"2022-04-05T08:57:06","date_gmt":"2022-04-05T13:57:06","guid":{"rendered":"https:\/\/plazajuarez.mx\/?p=210076"},"modified":"2022-04-05T15:23:04","modified_gmt":"2022-04-05T20:23:04","slug":"menchaca-reafirma-propuestas-realiza-dialogos-por-la-transformacion","status":"publish","type":"post","link":"https:\/\/plazajuarez.mx\/historico\/menchaca-reafirma-propuestas-realiza-dialogos-por-la-transformacion\/","title":{"rendered":"Menchaca reafirma propuestas; realiza \u201cDi\u00e1logos por la Transformaci\u00f3n\u201d\u00a0"},"content":{"rendered":"\n<p>Huejutla.- En su segundo d\u00eda de campa\u00f1a, el candidato de la Coalici\u00f3n \u201cJuntos Hacemos Historia\u201d, Julio Menchaca, realiz\u00f3 una conferencia de prensa con medios de comunicaci\u00f3n donde dio a conocer sus principales propuestas.\u00a0<\/p>\n\n\n\n<p>\u201cVamos a construir un programa de gobierno en contacto con distintos sectores para poder tener como lo marca la ley un ofrecimiento a la ciudadan\u00eda de cuestiones concretas\u201c, enfatiz\u00f3.&nbsp;<\/p>\n\n\n\n<p>As\u00ed mismo, tras la anterior visita a Huejutla de algunos exgobernadores de Hidalgo quienes se mostraron sorprendidos por las p\u00e9simas carreteras del estado, se\u00f1al\u00f3 lo siguiente: \u201cMe extra\u00f1an los comentarios que hicieron, porque eso fue un compromiso de campa\u00f1a firmado ante notario en su tiempo por el presidente Pe\u00f1a Nieto, y ninguno de los tres proyectos para Hidalgo se concret\u00f3, ni la refiner\u00eda, ni el aeropuerto y ni la carretera de Pachuca a Huejutla\u201d.&nbsp;<\/p>\n\n\n\n<p>Posteriormente, el morenista se traslad\u00f3 a un conocido sal\u00f3n de este municipio donde se establecieron mesas de trabajo, en los denominados \u201cDi\u00e1logos para la Transformaci\u00f3n de Hidalgo\u201d, en donde Menchaca Salazar dej\u00f3 claro que con la participaci\u00f3n de la gente se lograr\u00e1 hacer de Hidalgo una potencia, y este tipo de foros y mesas de trabajo es muestra de responsabilidad social.<\/p>\n\n\n\n<p>Cabe mencionar que en esta actividad se abordaron temas de inter\u00e9s social como educaci\u00f3n, salud, desarrollo social, justicia, seguridad, medio ambiente, entre otros.<\/p>\n","protected":false},"excerpt":{"rendered":"<p>Huejutla.- En su segundo d\u00eda de campa\u00f1a, el candidato de la Coalici\u00f3n \u201cJuntos Hacemos Historia\u201d, Julio Menchaca, realiz\u00f3 una conferencia de prensa con medios de comunicaci\u00f3n donde dio a conocer sus principales propuestas.\u00a0 \u201cVamos a construir un programa de gobierno en contacto con distintos sectores para poder tener como lo marca la ley un ofrecimiento [&hellip;]<\/p>\n","protected":false},"author":76,"featured_media":210077,"comment_status":"closed","ping_status":"closed","sticky":false,"template":"","format":"standard","meta":{"footnotes":""},"categories":[2373,15,2159,40],"tags":[],"class_list":["post-210076","post","type-post","status-publish","format-standard","has-post-thumbnail","hentry","category-campanas-2022","category-destacadas","category-noticias-de-hidalgo","category-region"],"_links":{"self":[{"href":"https:\/\/plazajuarez.mx\/historico\/wp-json\/wp\/v2\/posts\/210076","targetHints":{"allow":["GET"]}}],"collection":[{"href":"https:\/\/plazajuarez.mx\/historico\/wp-json\/wp\/v2\/posts"}],"about":[{"href":"https:\/\/plazajuarez.mx\/historico\/wp-json\/wp\/v2\/types\/post"}],"author":[{"embeddable":true,"href":"https:\/\/plazajuarez.mx\/historico\/wp-json\/wp\/v2\/users\/76"}],"replies":[{"embeddable":true,"href":"https:\/\/plazajuarez.mx\/historico\/wp-json\/wp\/v2\/comments?post=210076"}],"version-history":[{"count":0,"href":"https:\/\/plazajuarez.mx\/historico\/wp-json\/wp\/v2\/posts\/210076\/revisions"}],"wp:featuredmedia":[{"embeddable":true,"href":"https:\/\/plazajuarez.mx\/historico\/wp-json\/wp\/v2\/media\/210077"}],"wp:attachment":[{"href":"https:\/\/plazajuarez.mx\/historico\/wp-json\/wp\/v2\/media?parent=210076"}],"wp:term":[{"taxonomy":"category","embeddable":true,"href":"https:\/\/plazajuarez.mx\/historico\/wp-json\/wp\/v2\/categories?post=210076"},{"taxonomy":"post_tag","embeddable":true,"href":"https:\/\/plazajuarez.mx\/historico\/wp-json\/wp\/v2\/tags?post=210076"}],"curies":[{"name":"wp","href":"https:\/\/api.w.org\/{rel}","templated":true}]}}