{"id":210056,"date":"2022-04-05T08:43:42","date_gmt":"2022-04-05T13:43:42","guid":{"rendered":"https:\/\/plazajuarez.mx\/?p=210056"},"modified":"2022-04-05T08:43:49","modified_gmt":"2022-04-05T13:43:49","slug":"reclamo","status":"publish","type":"post","link":"https:\/\/plazajuarez.mx\/historico\/reclamo\/","title":{"rendered":"Reclamo"},"content":{"rendered":"\n<h2 class=\"wp-block-heading\">El Faro<\/h2>\n\n\n\n<p>En nuestro tiempo presente, es improbable que alcancemos a saber qu\u00e9 es lo que pas\u00f3 realmente con los alumnos secuestrados y desaparecidos en la escuela normal de Ayotzinapa. Sin embargo, s\u00ed se puede decir algo de lo que no pas\u00f3 seg\u00fan la versi\u00f3n oficial de la verdad hist\u00f3rica.<\/p>\n\n\n\n<p>El Grupo de Interdisciplinario de expertos independientes (GIEI) rindi\u00f3 la semana pasada su tercer informe. Nueva informaci\u00f3n se comparti\u00f3 con los padres de familia y con la sociedad. La verdad hist\u00f3rica que prepotente y divinamente quiso imponer el gobierno de Pe\u00f1a Nieto desde la intervenci\u00f3n de Murillo Karam, su procurador de justicia nacional, se cae a pedazos. Nada de la historieta del basurero de Cocula, nada de la historieta del r\u00edo San Juan, nada de la historieta de que los estudiantes eran narcotraficantes y agentes desestabilizadores entrenados, nada de la historieta de que los militares no sab\u00edan nada del tema, nada de que el general Cienfuegos no sab\u00eda nada, nada de\u2026<\/p>\n\n\n\n<p>Est\u00e1 claro, entre otras cosas, que estas historietas eran cap\u00edtulos diferentes de la verdad hist\u00f3rica. Ya se sabe que todo son historietas. La pluma que dict\u00f3 la farsa estaba en Los Pinos, acompa\u00f1ada con la inspiraci\u00f3n de la casona del paseo Bucareli e interpretada desde las m\u00e1s oscuras entra\u00f1as de la PGR.<\/p>\n\n\n\n<p>No estamos seguros de alcanzar a conocer lo que sucedi\u00f3. Despu\u00e9s de casi ocho a\u00f1os de la matanza sabemos lo que no sucedi\u00f3. Hemos aprendido con claridad lo que ya sab\u00edamos: que el estado no solamente no nos protege, sino que est\u00e1 en la ra\u00edz de las fuerzas que nos hacen desaparecer. Por acci\u00f3n y omisi\u00f3n, el estado es responsable de que no sepamos a\u00fan la verdad. Es responsable de las personas desaparecidas, torturadas, amenazadas y desprestigiadas con el \u00fanico fin de esconder la aut\u00e9ntica verdad.<\/p>\n\n\n\n<p>El GIEI tuvo acceso a miles de documentos y evidencias gr\u00e1ficas y visuales que estaban escondidas en los archivos de la Secretar\u00eda de Marina, Secretar\u00eda de la Defensa Nacional y Secretar\u00eda de Gobernaci\u00f3n. El presidente, hace a\u00f1os, orden\u00f3 que todo se liberara. No ha sucedido hasta finales del a\u00f1o pasado. \u00bfNo es el jefe supremo de las fuerzas armadas de la naci\u00f3n?<\/p>\n\n\n\n<p>Se sabe en d\u00f3nde est\u00e1 Pe\u00f1a Nieto. Se sabe en d\u00f3nde est\u00e1 Osorio Chong. Se sabe en d\u00f3nde est\u00e1 Murillo Karam y sus subalternos. \u00bfHabr\u00e1n declarado?, \u00bfpor qu\u00e9 no lo han hecho hasta ahora?, \u00bfpor qu\u00e9 motivo contin\u00faan al margen de responder sobre sus acciones?<\/p>\n\n\n\n<p>El primer reclamo de justicia que se eleva hasta el gobierno, entendido como el bien m\u00e1s preciado al que est\u00e1 obligado el estado, viene de la sangre de los propios desaparecidos. El segundo reclamo pertenece a los familiares que desde el 2014 luchan por encontrar a sus seres queridos. El tercer reclamo se origina en el pueblo mexicano que quiere dejar de cuidarse de quien tiene que ofrecerle seguridad; que quiere no ser torturado por sus cuerpos policiacos; que quiere que no se infiltren en sus ambientes personales; que quiere vivir en una sociedad ya no tan violenta y cruel. Los 43 son el s\u00edmbolo del reclamo de todos y lo pagaron con su propia vida.<\/p>\n","protected":false},"excerpt":{"rendered":"<p>El Faro En nuestro tiempo presente, es improbable que alcancemos a saber qu\u00e9 es lo que pas\u00f3 realmente con los alumnos secuestrados y desaparecidos en la escuela normal de Ayotzinapa. Sin embargo, s\u00ed se puede decir algo de lo que no pas\u00f3 seg\u00fan la versi\u00f3n oficial de la verdad hist\u00f3rica. El Grupo de Interdisciplinario de [&hellip;]<\/p>\n","protected":false},"author":98,"featured_media":208524,"comment_status":"closed","ping_status":"closed","sticky":false,"template":"","format":"standard","meta":{"footnotes":""},"categories":[1006,42],"tags":[],"class_list":["post-210056","post","type-post","status-publish","format-standard","has-post-thumbnail","hentry","category-dr-jesus-ignacio-panedas-galindo","category-nuestrapalabra"],"_links":{"self":[{"href":"https:\/\/plazajuarez.mx\/historico\/wp-json\/wp\/v2\/posts\/210056","targetHints":{"allow":["GET"]}}],"collection":[{"href":"https:\/\/plazajuarez.mx\/historico\/wp-json\/wp\/v2\/posts"}],"about":[{"href":"https:\/\/plazajuarez.mx\/historico\/wp-json\/wp\/v2\/types\/post"}],"author":[{"embeddable":true,"href":"https:\/\/plazajuarez.mx\/historico\/wp-json\/wp\/v2\/users\/98"}],"replies":[{"embeddable":true,"href":"https:\/\/plazajuarez.mx\/historico\/wp-json\/wp\/v2\/comments?post=210056"}],"version-history":[{"count":0,"href":"https:\/\/plazajuarez.mx\/historico\/wp-json\/wp\/v2\/posts\/210056\/revisions"}],"wp:featuredmedia":[{"embeddable":true,"href":"https:\/\/plazajuarez.mx\/historico\/wp-json\/wp\/v2\/media\/208524"}],"wp:attachment":[{"href":"https:\/\/plazajuarez.mx\/historico\/wp-json\/wp\/v2\/media?parent=210056"}],"wp:term":[{"taxonomy":"category","embeddable":true,"href":"https:\/\/plazajuarez.mx\/historico\/wp-json\/wp\/v2\/categories?post=210056"},{"taxonomy":"post_tag","embeddable":true,"href":"https:\/\/plazajuarez.mx\/historico\/wp-json\/wp\/v2\/tags?post=210056"}],"curies":[{"name":"wp","href":"https:\/\/api.w.org\/{rel}","templated":true}]}}