{"id":210050,"date":"2022-04-05T08:40:17","date_gmt":"2022-04-05T13:40:17","guid":{"rendered":"https:\/\/plazajuarez.mx\/?p=210050"},"modified":"2022-04-05T08:40:27","modified_gmt":"2022-04-05T13:40:27","slug":"las-mujeres-y-la-ninez-lo-mas-importante-de-cada-familia-jvp","status":"publish","type":"post","link":"https:\/\/plazajuarez.mx\/historico\/las-mujeres-y-la-ninez-lo-mas-importante-de-cada-familia-jvp\/","title":{"rendered":"LAS MUJERES Y LA NI\u00d1EZ, LO M\u00c1S IMPORTANTE DE CADA FAMILIA: JVP\u00a0"},"content":{"rendered":"\n<p>El Pleno del Congreso del estado aprob\u00f3 por unanimidad el dictamen de la iniciativa con proyecto de decreto por el que se reforman la Ley de Salud para el estado de hidalgo y la Ley de los Derechos de Ni\u00f1as, Ni\u00f1os y Adolescentes para el estado de Hidalgo, presentada por el coordinador del grupo legislativo del PRI en la 65 legislatura, Julio Valera Piedras.<\/p>\n\n\n\n<p>Valera Piedras destac\u00f3 que \u201cla Salud Materno Infantil comprende varias etapas desde el embarazo hasta la vida escolar de una persona, es decir es un proceso continuo de vida, por lo que mantener con salud a las personas durante estas etapas implica un bienestar colectivo y un desarrollo permanente de las sociedades\u201d.<\/p>\n\n\n\n<p>Se\u00f1al\u00f3 tambi\u00e9n que \u201cla motivaci\u00f3n al presentar la iniciativa que hoy se vuelve ley, es implementar en el sistema de salud acciones orientadas a la reducci\u00f3n de la mortalidad y la morbilidad materna y neonatal, buscamos contar con un sistema de salud completo e integral, pero sobre todo, con un sistema de protecci\u00f3n a lo m\u00e1s valioso que tenemos como sociedad que es la ni\u00f1ez\u201d.<\/p>\n","protected":false},"excerpt":{"rendered":"<p>El Pleno del Congreso del estado aprob\u00f3 por unanimidad el dictamen de la iniciativa con proyecto de decreto por el que se reforman la Ley de Salud para el estado de hidalgo y la Ley de los Derechos de Ni\u00f1as, Ni\u00f1os y Adolescentes para el estado de Hidalgo, presentada por el coordinador del grupo legislativo [&hellip;]<\/p>\n","protected":false},"author":93,"featured_media":210051,"comment_status":"closed","ping_status":"closed","sticky":false,"template":"","format":"standard","meta":{"footnotes":""},"categories":[59,2159],"tags":[],"class_list":["post-210050","post","type-post","status-publish","format-standard","has-post-thumbnail","hentry","category-general","category-noticias-de-hidalgo"],"_links":{"self":[{"href":"https:\/\/plazajuarez.mx\/historico\/wp-json\/wp\/v2\/posts\/210050","targetHints":{"allow":["GET"]}}],"collection":[{"href":"https:\/\/plazajuarez.mx\/historico\/wp-json\/wp\/v2\/posts"}],"about":[{"href":"https:\/\/plazajuarez.mx\/historico\/wp-json\/wp\/v2\/types\/post"}],"author":[{"embeddable":true,"href":"https:\/\/plazajuarez.mx\/historico\/wp-json\/wp\/v2\/users\/93"}],"replies":[{"embeddable":true,"href":"https:\/\/plazajuarez.mx\/historico\/wp-json\/wp\/v2\/comments?post=210050"}],"version-history":[{"count":0,"href":"https:\/\/plazajuarez.mx\/historico\/wp-json\/wp\/v2\/posts\/210050\/revisions"}],"wp:featuredmedia":[{"embeddable":true,"href":"https:\/\/plazajuarez.mx\/historico\/wp-json\/wp\/v2\/media\/210051"}],"wp:attachment":[{"href":"https:\/\/plazajuarez.mx\/historico\/wp-json\/wp\/v2\/media?parent=210050"}],"wp:term":[{"taxonomy":"category","embeddable":true,"href":"https:\/\/plazajuarez.mx\/historico\/wp-json\/wp\/v2\/categories?post=210050"},{"taxonomy":"post_tag","embeddable":true,"href":"https:\/\/plazajuarez.mx\/historico\/wp-json\/wp\/v2\/tags?post=210050"}],"curies":[{"name":"wp","href":"https:\/\/api.w.org\/{rel}","templated":true}]}}