{"id":210047,"date":"2022-04-05T08:39:18","date_gmt":"2022-04-05T13:39:18","guid":{"rendered":"https:\/\/plazajuarez.mx\/?p=210047"},"modified":"2022-04-05T15:31:30","modified_gmt":"2022-04-05T20:31:30","slug":"perredistas-de-tepeji-se-suman-al-proyecto-de-menchaca","status":"publish","type":"post","link":"https:\/\/plazajuarez.mx\/historico\/perredistas-de-tepeji-se-suman-al-proyecto-de-menchaca\/","title":{"rendered":"Perredistas de Tepeji se suman al proyecto de Menchaca\u00a0"},"content":{"rendered":"\n<p>En conferencia de prensa, C\u00e9sar Cravioto, delegado de Morena en el estado de Hidalgo,&nbsp; dio la bienvenida al partido a perredistas de Tepej\u00ed del R\u00edo, adem\u00e1s coment\u00f3 que el arranque de campa\u00f1a de Julio Menchaca fue un \u00e9xito, y habl\u00f3 de la encuesta que el Consejo Coordinador Empresarial del estado de Hidalgo (CCEH) hizo respecto a las elecciones.&nbsp;<\/p>\n\n\n\n<p>Coment\u00f3:&nbsp; \u201ces bienvenida toda la militancia del PRD,&nbsp; toda la militancia del PRI, toda la militancia del PAN, toda la militancia de Movimiento Ciudadano y todos los ciudadanos de Hidalgo que no tienen partido y que ya est\u00e1n hartos de estos partidos\u201d.&nbsp;<\/p>\n\n\n\n<p>Entre los nuevos miembros, present\u00f3 a H\u00e9ctor Le\u00f3n Chaires, excandidato a presidente municipal de Tepeji del R\u00edo, quien se\u00f1al\u00f3 que observa la necesidad de tener un cambio pol\u00edtico: \u201cle digo a los hidalguenses que tengan paciencia, fe y est\u00e9n seguros que morena va a gobernar en esta elecci\u00f3n\u201d.&nbsp;<\/p>\n\n\n\n<p>Afirm\u00f3 que la elecci\u00f3n de unirse a las filas del partido guinda fue sencilla y la decisi\u00f3n de cambiar de colores se debe a que no desea promulgar con el autoritarismo del Partido Revolucionario Institucional (PRI) y est\u00e1 en desacuerdo con la alianza que se forj\u00f3.&nbsp;<\/p>\n\n\n\n<p>Afirm\u00f3 que la mejor persona que puede existir para gobernar Hidalgo es Menchaca, adem\u00e1s se dijo agradecido y orgulloso de estar ah\u00ed presente e invit\u00f3 a los perredistas a sumarse a este proyecto y dijo: &#8220;An\u00edmense se\u00f1ores, que nos les d\u00e9 miedo, sean conscientes de la situaci\u00f3n; Hidalgo necesita un cambio y la \u00fanica persona que har\u00e1 ese cambio es Menchaca\u201d.<\/p>\n","protected":false},"excerpt":{"rendered":"<p>En conferencia de prensa, C\u00e9sar Cravioto, delegado de Morena en el estado de Hidalgo,&nbsp; dio la bienvenida al partido a perredistas de Tepej\u00ed del R\u00edo, adem\u00e1s coment\u00f3 que el arranque de campa\u00f1a de Julio Menchaca fue un \u00e9xito, y habl\u00f3 de la encuesta que el Consejo Coordinador Empresarial del estado de Hidalgo (CCEH) hizo respecto [&hellip;]<\/p>\n","protected":false},"author":93,"featured_media":210048,"comment_status":"closed","ping_status":"closed","sticky":false,"template":"","format":"standard","meta":{"footnotes":""},"categories":[2373,59,2159],"tags":[],"class_list":["post-210047","post","type-post","status-publish","format-standard","has-post-thumbnail","hentry","category-campanas-2022","category-general","category-noticias-de-hidalgo"],"_links":{"self":[{"href":"https:\/\/plazajuarez.mx\/historico\/wp-json\/wp\/v2\/posts\/210047","targetHints":{"allow":["GET"]}}],"collection":[{"href":"https:\/\/plazajuarez.mx\/historico\/wp-json\/wp\/v2\/posts"}],"about":[{"href":"https:\/\/plazajuarez.mx\/historico\/wp-json\/wp\/v2\/types\/post"}],"author":[{"embeddable":true,"href":"https:\/\/plazajuarez.mx\/historico\/wp-json\/wp\/v2\/users\/93"}],"replies":[{"embeddable":true,"href":"https:\/\/plazajuarez.mx\/historico\/wp-json\/wp\/v2\/comments?post=210047"}],"version-history":[{"count":0,"href":"https:\/\/plazajuarez.mx\/historico\/wp-json\/wp\/v2\/posts\/210047\/revisions"}],"wp:featuredmedia":[{"embeddable":true,"href":"https:\/\/plazajuarez.mx\/historico\/wp-json\/wp\/v2\/media\/210048"}],"wp:attachment":[{"href":"https:\/\/plazajuarez.mx\/historico\/wp-json\/wp\/v2\/media?parent=210047"}],"wp:term":[{"taxonomy":"category","embeddable":true,"href":"https:\/\/plazajuarez.mx\/historico\/wp-json\/wp\/v2\/categories?post=210047"},{"taxonomy":"post_tag","embeddable":true,"href":"https:\/\/plazajuarez.mx\/historico\/wp-json\/wp\/v2\/tags?post=210047"}],"curies":[{"name":"wp","href":"https:\/\/api.w.org\/{rel}","templated":true}]}}