{"id":209971,"date":"2022-04-04T10:44:53","date_gmt":"2022-04-04T15:44:53","guid":{"rendered":"https:\/\/plazajuarez.mx\/?p=209971"},"modified":"2022-04-04T10:45:02","modified_gmt":"2022-04-04T15:45:02","slug":"obrador_polemica","status":"publish","type":"post","link":"https:\/\/plazajuarez.mx\/historico\/obrador_polemica\/","title":{"rendered":"Miles de opositores de L\u00f3pez Obrador marchan contra pol\u00e9mica consulta"},"content":{"rendered":"\n<p>Miles de opositores del presidente mexicano Andr\u00e9s Manuel L\u00f3pez Obrador marcharon este domingo en la Ciudad de M\u00e9xico y otras ciudades del pa\u00eds contra la pol\u00e9mica consulta de revocaci\u00f3n de mandato, que el 10 de abril llamar\u00e1 a la ciudadan\u00eda a las urnas para decidir sobre la continuidad del mandatario.<\/p>\n\n\n\n<p>Con la consigna &#8220;\u00a1Terminas y te vas!&#8221; como nombre de la marcha y tambi\u00e9n como principal reclamo, unas 2.000 personas, en su mayor\u00eda vestidas de blanco, caminaron en la Ciudad de M\u00e9xico, del \u00c1ngel de la Independencia al Monumento a la Revoluci\u00f3n, por la c\u00e9ntrica avenida Reforma, para rechazar el in\u00e9dito ejercicio de participaci\u00f3n directa del pr\u00f3ximo domingo.<\/p>\n\n\n\n<p>EN DESACUERDO CON LA CONSULTA<\/p>\n\n\n\n<p>&#8220;Venimos a apoyar la marcha porque estamos en completo desacuerdo en la revocaci\u00f3n de mandato ya que la convirtieron en una ratificaci\u00f3n y en un medio de divisi\u00f3n y de confusi\u00f3n para la sociedad&#8221;, dijo en una entrevista con Efe &#8220;Diana&#8221;, integrante de la organizaci\u00f3n Ciudadanos con causa justa, que promovi\u00f3 la protesta.<\/p>\n\n\n\n<p>&#8220;Convocamos a dejar urnas vac\u00edas, yo no voy el 10 (de abril) lo dejo solo (al presidente) porque despu\u00e9s vamos a ir a las urnas el 5 de junio para votar en las elecciones ordinarias para las (seis) gubernaturas en disputa, vamos a sacar a la gente a votar, esa si es una votaci\u00f3n, esta es una consulta que la convirtieron en una farsa&#8221;, agreg\u00f3 la activista.<\/p>\n\n\n\n<p>La consulta de revocaci\u00f3n, derivada de la Ley Federal de Revocaci\u00f3n de Mandato promulgada en septiembre, causa pol\u00e9mica porque es impulsada por el propio presidente L\u00f3pez Obrador, al que la oposici\u00f3n acusa de promover &#8220;una campa\u00f1a permanente&#8221; para movilizar a sus bases.<\/p>\n\n\n\n<p>En ese sentido, la activista opin\u00f3: &#8220;no podemos permitir que se hagan comunes las consultas porque al rato, en tres a\u00f1os, nos puede preguntar (el presidente) si quiere que ampliemos su mandato y la verdad es que no, termina y se va porque lo ha hecho muy mal, no hay resultados en nada&#8221;.<\/p>\n\n\n\n<p>DEFIENDEN A LA AUTORIDAD ELECTORAL<\/p>\n\n\n\n<p>Pero adem\u00e1s de la exigencia del marcha con la frase &#8220;\u00a1Terminas y te vas!&#8221;, los manifestantes salieron en defensa del Instituto Nacional Electoral (INE) con las consignas &#8220;\u00a1Yo defiendo al INE!&#8221; y &#8220;En defensa de la democracia&#8221;.<\/p>\n\n\n\n<p>Precisamente la autoridad electoral mexicana enfrent\u00f3 el reto de organizar la consulta con un presupuesto recortado por el Congreso, dominado por el partido Movimiento Regeneraci\u00f3n Nacional (Morena), bajo un plan de austeridad propuesto por el presidente L\u00f3pez Obrador y con la negativa de la Secretar\u00eda de Hacienda de otorgar m\u00e1s recursos.<\/p>\n\n\n\n<p>&#8220;Al pobre INE se lo va acabar, va contra \u00e9l, (y L\u00f3pez Obrador hace) todo esto para ir contra el pueblo y seguir dominando al pueblo&#8221;, se\u00f1al\u00f3 a Efe la contadora p\u00fablica Lourdes G\u00f3mez, quien cont\u00f3 que asisti\u00f3 a la marcha porque no est\u00e1 &#8220;conforme con este gobierno&#8221;.<\/p>\n\n\n\n<p>Para G\u00f3mez, el presidente L\u00f3pez Obrador &#8220;est\u00e1 mandando a una revocaci\u00f3n que no tendr\u00eda que haber convocado&#8221;.<\/p>\n\n\n\n<p>&#8220;La revocaci\u00f3n es una trampa porque \u00e9l la est\u00e1 organizando y una revocaci\u00f3n la tenemos que pedir los ciudadanos no el presidente y desde ah\u00ed ya nos est\u00e1 haciendo trampa&#8221;, a\u00f1adi\u00f3.<\/p>\n\n\n\n<p>En el proceso del ejercicio fueron constantes los choques de L\u00f3pez Obrador con el INE junto con una controversia por los cientos de anuncios espectaculares en los que aparece el presidente invitando a la consulta y que no se sabe quien pag\u00f3.<\/p>\n\n\n\n<p>Adem\u00e1s, dict\u00f3 un decreto presidencial para que los funcionarios p\u00fablicos pudieran manifestarse sobre el proceso, el cual el martes 29 de marzo fue declarado como &#8220;inaplicable&#8221; por el Tribunal Electoral del Poder Judicial de la Federaci\u00f3n (TEPJF)<\/p>\n\n\n\n<p>NO ENTRAR AL JUEGO<\/p>\n\n\n\n<p>Para el activista Juli\u00e1n Hamlet, quien prefiri\u00f3 dar el nombre que usa en redes sociales, la marcha fue porque &#8220;no vamos a entrar al juego de la votaci\u00f3n del 10 de abril&#8221;.<\/p>\n\n\n\n<p>&#8220;No estamos de acuerdo en que si un presidente que firm\u00f3 en el 2018 por seis a\u00f1os su compromiso (al frente del pa\u00eds), se quiera hacer una revocacion a tres a\u00f1os. Para nosotros es: terminas tu administraci\u00f3n (L\u00f3pez Obrador, en 2024) y te vas y prep\u00e1rate porque te vamos a denunciar y te vamos a demandar&#8221;, advirti\u00f3.<\/p>\n\n\n\n<p>A la consulta est\u00e1n convocados a participar de manera oficial 92.823.216 millones de ciudadanos.<\/p>\n\n\n\n<p>En varias ocasiones, el presidente mexicano ha dicho que aunque el resultado de la consulta de revocaci\u00f3n de mandato no sea vinculante, al reunir el 40 % de la participaci\u00f3n ciudadana unos 35 millones de personas, si la mayor\u00eda de los votantes vota para que no contin\u00fae al frente del Gobierno de M\u00e9xico, se ir\u00e1.<\/p>\n\n\n\n<p>La protesta tambi\u00e9n se dio en ciudades como Quer\u00e9taro, Veracruz, Toluca, Guadalajara, Le\u00f3n y Monterrey, entre otras.<\/p>\n","protected":false},"excerpt":{"rendered":"<p>Miles de opositores del presidente mexicano Andr\u00e9s Manuel L\u00f3pez Obrador marcharon este domingo en la Ciudad de M\u00e9xico y otras ciudades del pa\u00eds contra la pol\u00e9mica consulta de revocaci\u00f3n de mandato, que el 10 de abril llamar\u00e1 a la ciudadan\u00eda a las urnas para decidir sobre la continuidad del mandatario. Con la consigna &#8220;\u00a1Terminas y [&hellip;]<\/p>\n","protected":false},"author":80,"featured_media":209972,"comment_status":"closed","ping_status":"closed","sticky":false,"template":"","format":"standard","meta":{"footnotes":""},"categories":[36],"tags":[2336],"class_list":["post-209971","post","type-post","status-publish","format-standard","has-post-thumbnail","hentry","category-nacion","tag-consulta"],"_links":{"self":[{"href":"https:\/\/plazajuarez.mx\/historico\/wp-json\/wp\/v2\/posts\/209971","targetHints":{"allow":["GET"]}}],"collection":[{"href":"https:\/\/plazajuarez.mx\/historico\/wp-json\/wp\/v2\/posts"}],"about":[{"href":"https:\/\/plazajuarez.mx\/historico\/wp-json\/wp\/v2\/types\/post"}],"author":[{"embeddable":true,"href":"https:\/\/plazajuarez.mx\/historico\/wp-json\/wp\/v2\/users\/80"}],"replies":[{"embeddable":true,"href":"https:\/\/plazajuarez.mx\/historico\/wp-json\/wp\/v2\/comments?post=209971"}],"version-history":[{"count":0,"href":"https:\/\/plazajuarez.mx\/historico\/wp-json\/wp\/v2\/posts\/209971\/revisions"}],"wp:featuredmedia":[{"embeddable":true,"href":"https:\/\/plazajuarez.mx\/historico\/wp-json\/wp\/v2\/media\/209972"}],"wp:attachment":[{"href":"https:\/\/plazajuarez.mx\/historico\/wp-json\/wp\/v2\/media?parent=209971"}],"wp:term":[{"taxonomy":"category","embeddable":true,"href":"https:\/\/plazajuarez.mx\/historico\/wp-json\/wp\/v2\/categories?post=209971"},{"taxonomy":"post_tag","embeddable":true,"href":"https:\/\/plazajuarez.mx\/historico\/wp-json\/wp\/v2\/tags?post=209971"}],"curies":[{"name":"wp","href":"https:\/\/api.w.org\/{rel}","templated":true}]}}