{"id":209968,"date":"2022-04-04T10:28:38","date_gmt":"2022-04-04T15:28:38","guid":{"rendered":"https:\/\/plazajuarez.mx\/?p=209968"},"modified":"2022-04-04T10:28:50","modified_gmt":"2022-04-04T15:28:50","slug":"mexico_mundial","status":"publish","type":"post","link":"https:\/\/plazajuarez.mx\/historico\/mexico_mundial\/","title":{"rendered":"Microsoft prepara un centro regional de datos de clase mundial en M\u00e9xico"},"content":{"rendered":"\n<p>La empresa tecnol\u00f3gica Microsoft prev\u00e9 inaugurar a finales de 2022 o inicios de 2023 un centro regional de datos en Quer\u00e9taro, estado del centro de M\u00e9xico, desde donde proveer\u00e1n todos los servicios de la compa\u00f1\u00eda a negocios de todo el mundo.<\/p>\n\n\n\n<p>&#8220;Es un centro de regi\u00f3n de datos de \u00faltima generaci\u00f3n a nivel mundial, o sea, no es un centro de, por y para M\u00e9xico, es un centro mundial establecido en M\u00e9xico para ofrecer a los clientes nacionales y extranjeros&#8221;, explica este lunes en una entrevista con Efe Roberto de la Mora, director de tecnolog\u00eda (CTO) de Microsoft M\u00e9xico.<\/p>\n\n\n\n<p>El proyecto ya est\u00e1 en construcci\u00f3n en Quer\u00e9taro, un estado que atrae a la industria internacional, donde arrancar\u00e1 con tres &#8220;zonas de disponibilidad&#8221;, cada una con su propio centro de datos de entre 2,4 y 3 megavatios con enlaces y energ\u00eda redundantes para ofertar el portafolio completo de Microsoft.<\/p>\n\n\n\n<p>La compa\u00f1\u00eda ya comenz\u00f3 con la contrataci\u00f3n de personal, por lo que prev\u00e9 cientos de empleos directos para la zona, adem\u00e1s de los creados por la construcci\u00f3n de la obra y los indirectos que se generen.<\/p>\n\n\n\n<p>&#8220;Esto es una construcci\u00f3n de nosotros, no le estamos rentando espacio a nadie, sino que estamos levantando infraestructura nueva, con esas condiciones de clase mundial y lo que queremos es aprovechar y poner una regi\u00f3n de centro de datos de clase mundial&#8221;, manifiesta De la Mora.<\/p>\n\n\n\n<p>EL ATRACTIVO DE M\u00c9XICO<\/p>\n\n\n\n<p>El gigante tecnol\u00f3gico eligi\u00f3 Quer\u00e9taro porque tiene &#8220;condiciones ideales&#8221; de ubicaci\u00f3n geogr\u00e1fica, disponibilidad de conectividad a internet y energ\u00eda el\u00e9ctrica.<\/p>\n\n\n\n<p>Adem\u00e1s, M\u00e9xico &#8220;es un foco de inversi\u00f3n&#8221; con poblaci\u00f3n joven y un pa\u00eds &#8220;lleno de talento&#8221; con &#8220;un PIB que est\u00e1 creciendo todos los d\u00edas&#8221;, resalta el directivo de Microsoft.<\/p>\n\n\n\n<p>&#8220;M\u00e9xico es un lugar de much\u00edsimas compa\u00f1\u00edas multinacionales extranjeras, norteamericanas y europeas, que de aqu\u00ed operan no solamente M\u00e9xico sino toda Am\u00e9rica Latina&#8221;, ahonda De la Mora.<\/p>\n\n\n\n<p>Por ello, la regi\u00f3n de datos servir\u00e1 para que &#8220;tengan m\u00e1s cercanos sus operaciones, sus recursos de c\u00f3mputo, almacenamiento y seguridad\u201d.<\/p>\n\n\n\n<p>La empresa cita que dentro de 10 a\u00f1os est\u00e1 proyectado que M\u00e9xico pase de ser &#8220;la econom\u00eda 14 o 15 del mundo&#8221; a ser la octava, con un PIB de 4 trillones de d\u00f3lares, equivalente al tama\u00f1o actual de Alemania.<\/p>\n\n\n\n<p>&#8220;Pero con muchos m\u00e1s habitantes y eso nos hace una potencial mundial. Por eso nosotros seguimos invirtiendo en M\u00e9xico&#8221;, destaca el directivo.<\/p>\n\n\n\n<p>EL PLAN DE INVERSI\u00d3N SIGUE FIRME<\/p>\n\n\n\n<p>El proyecto es parte del plan &#8220;Innovar por M\u00e9xico&#8221; de 1.100 millones de d\u00f3lares que la empresa anunci\u00f3 en febrero de 2020 con un plazo de cinco a\u00f1os.<\/p>\n\n\n\n<p>En ese entonces, el presidente Andr\u00e9s Manuel L\u00f3pez Obrador opin\u00f3 que la inversi\u00f3n demuestra el inter\u00e9s por el pa\u00eds, que crece ante la entrada en vigor del Tratado entre M\u00e9xico, Estados Unidos y Canad\u00e1 (T-MEC), porque da &#8220;certidumbre a las empresas&#8221;.<\/p>\n\n\n\n<p>Cuestionado por el ambiente de inversi\u00f3n, De la Mora indica que Microsoft tiene &#8220;una relaci\u00f3n cordial y respetuosa con la Administraci\u00f3n actual&#8221; como la hubo con las anteriores.<\/p>\n\n\n\n<p>&#8220;Estamos s\u00faper comprometidos con el desarrollo y la digitalizaci\u00f3n de todo tipo de empresas en M\u00e9xico&#8221;, sostiene.<\/p>\n\n\n\n<p>Pese a la creaci\u00f3n de la regi\u00f3n de datos, el directivo precisa que la mayor parte de la inversi\u00f3n prometida se ha destinado al pilar de &#8220;Habilidades del futuro&#8221;, con el que han capacitado a 145.000 estudiantes en capacidades digitales, han certificado a 4.000 y han encontrado empleo a 700.<\/p>\n\n\n\n<p>En este ramo, tambi\u00e9n han abierto laboratorios en el Centro de Inteligencia de la Universidad Aut\u00f3noma de Ciudad de Ju\u00e1rez, el Instituto Tecnol\u00f3gico de Tuxtla Guti\u00e9rrez, la Universidad Veracruzana, y proyectan uno pr\u00f3ximo en Guanajuato.<\/p>\n\n\n\n<p>Asimismo, han desarrollado programas de inteligencia artificial para proteger a especies end\u00e9micas en peligro como los tiburones pel\u00e1gicos y la reserva forestal &#8220;El Carmen&#8221;.<\/p>\n\n\n\n<p>&#8220;Microsoft tiene 35 a\u00f1os de trabajo en M\u00e9xico, somos una empresa que cree en este pa\u00eds y estamos convencidos de que el avance en la transformaci\u00f3n digital de M\u00e9xico tiene que ser una prioridad nuestra y de largo plazo&#8221;, subraya De la Mora<\/p>\n","protected":false},"excerpt":{"rendered":"<p>La empresa tecnol\u00f3gica Microsoft prev\u00e9 inaugurar a finales de 2022 o inicios de 2023 un centro regional de datos en Quer\u00e9taro, estado del centro de M\u00e9xico, desde donde proveer\u00e1n todos los servicios de la compa\u00f1\u00eda a negocios de todo el mundo. &#8220;Es un centro de regi\u00f3n de datos de \u00faltima generaci\u00f3n a nivel mundial, o [&hellip;]<\/p>\n","protected":false},"author":80,"featured_media":209969,"comment_status":"closed","ping_status":"closed","sticky":false,"template":"","format":"standard","meta":{"footnotes":""},"categories":[15,36],"tags":[2368],"class_list":["post-209968","post","type-post","status-publish","format-standard","has-post-thumbnail","hentry","category-destacadas","category-nacion","tag-microsoft"],"_links":{"self":[{"href":"https:\/\/plazajuarez.mx\/historico\/wp-json\/wp\/v2\/posts\/209968","targetHints":{"allow":["GET"]}}],"collection":[{"href":"https:\/\/plazajuarez.mx\/historico\/wp-json\/wp\/v2\/posts"}],"about":[{"href":"https:\/\/plazajuarez.mx\/historico\/wp-json\/wp\/v2\/types\/post"}],"author":[{"embeddable":true,"href":"https:\/\/plazajuarez.mx\/historico\/wp-json\/wp\/v2\/users\/80"}],"replies":[{"embeddable":true,"href":"https:\/\/plazajuarez.mx\/historico\/wp-json\/wp\/v2\/comments?post=209968"}],"version-history":[{"count":0,"href":"https:\/\/plazajuarez.mx\/historico\/wp-json\/wp\/v2\/posts\/209968\/revisions"}],"wp:featuredmedia":[{"embeddable":true,"href":"https:\/\/plazajuarez.mx\/historico\/wp-json\/wp\/v2\/media\/209969"}],"wp:attachment":[{"href":"https:\/\/plazajuarez.mx\/historico\/wp-json\/wp\/v2\/media?parent=209968"}],"wp:term":[{"taxonomy":"category","embeddable":true,"href":"https:\/\/plazajuarez.mx\/historico\/wp-json\/wp\/v2\/categories?post=209968"},{"taxonomy":"post_tag","embeddable":true,"href":"https:\/\/plazajuarez.mx\/historico\/wp-json\/wp\/v2\/tags?post=209968"}],"curies":[{"name":"wp","href":"https:\/\/api.w.org\/{rel}","templated":true}]}}