{"id":209965,"date":"2022-04-04T10:22:38","date_gmt":"2022-04-04T15:22:38","guid":{"rendered":"https:\/\/plazajuarez.mx\/?p=209965"},"modified":"2022-04-04T10:22:50","modified_gmt":"2022-04-04T15:22:50","slug":"veda_electoral","status":"publish","type":"post","link":"https:\/\/plazajuarez.mx\/historico\/veda_electoral\/","title":{"rendered":"L\u00f3pez Obrador niega que ministro de Gobernaci\u00f3n violara la veda electoral"},"content":{"rendered":"\n<p>El presidente de M\u00e9xico, Andr\u00e9s Manuel L\u00f3pez Obrador, defendi\u00f3 este lunes a su secretario de Gobernaci\u00f3n, Ad\u00e1n Augusto L\u00f3pez, quien fue se\u00f1alado este fin de semana por violar la veda electoral al promover la consulta de revocaci\u00f3n de mandato.<\/p>\n\n\n\n<p>\u201c(Ad\u00e1n Augusto) est\u00e1 visitando los estados para cumplir con su responsabilidad no para promover la consulta, no va a m\u00edtines\u201d, dijo el mandatario durante su rueda de prensa matutina desde el Palacio Nacional.<\/p>\n\n\n\n<p>El fin de semana, el titular de la Secretar\u00eda de Gobernaci\u00f3n (Segob) cre\u00f3 pol\u00e9mica porque durante una visita a la ciudad de Torre\u00f3n, en el norte\u00f1o estado de Coahuila, hizo un llamado a participar en la consulta de revocaci\u00f3n de mandato de L\u00f3pez Obrador el pr\u00f3ximo 10 de abril, seg\u00fan videos filtrados a medios.<\/p>\n\n\n\n<p>La promoci\u00f3n a la consulta se dio en medio de la veda electoral que proh\u00edbe a los servidores p\u00fablicos la promoci\u00f3n de este ejercicio participativo.<\/p>\n\n\n\n<p>En el evento, L\u00f3pez asegur\u00f3 no tener temor de la sanci\u00f3n del Instituto Nacional Electoral o de ser despedido como secretario de Gobernaci\u00f3n.<\/p>\n\n\n\n<p>Al respecto, el presidente reiter\u00f3 que el funcionario solo est\u00e1 cumpliendo con sus labores como secretario.<\/p>\n\n\n\n<p>\u201cYo necesitaba un secretario de Gobernaci\u00f3n que me ayudara al cumplimiento de la agenda, que tiene que ver con el inter\u00e9s p\u00fablico, con la defensa, protecci\u00f3n y beneficio del pueblo, con la paz, con la tranquilidad, que no tuviese su agenda, sino que me ayudara a cumplir la agenda que tiene que ver con la transformaci\u00f3n de M\u00e9xico&#8221;, destac\u00f3.<\/p>\n\n\n\n<p>Asegur\u00f3 que el titular de la Segob solo est\u00e1 ayud\u00e1ndole en su proceso de transformaci\u00f3n del pa\u00eds.<\/p>\n\n\n\n<p>Ante la pregunta sobre si L\u00f3pez era candidato a contender por la Presidencia en 2024, el presidente neg\u00f3 que el funcionario est\u00e9 haciendo acciones pol\u00edticas anticipadas como precandidato presidencial.<\/p>\n\n\n\n<p>&#8220;\u00c9l, para que se tranquilicen los adversarios, est\u00e1 ayud\u00e1ndome en la transformaci\u00f3n, no es precandidato a la Presidencia (\u2026) Porque me est\u00e1 ayudando a la transformaci\u00f3n del pa\u00eds; no se confundan, no es candidato, no est\u00e1 actuando de esa forma\u201d, acot\u00f3.<\/p>\n\n\n\n<p>El mandatario aprovech\u00f3 para criticar el actuar del Instituto Nacional Electoral (INE) hacia quienes est\u00e1n en contra de la revocaci\u00f3n de mandato, ya que asegur\u00f3 que el \u00f3rgano no ha actuado con rectitud y solo se impide que participen los que est\u00e1n a favor de la transformaci\u00f3n.<\/p>\n\n\n\n<p>\u201cNo se cuestiona a los que est\u00e1n abiertamente llamando a que no participe la gente\u201d, dijo.<\/p>\n\n\n\n<p>La consulta de revocaci\u00f3n, derivada de la Ley Federal de Revocaci\u00f3n de Mandato promulgada en septiembre, causa pol\u00e9mica porque es impulsada por el propio presidente L\u00f3pez Obrador, por lo que la oposici\u00f3n le ha acusado de promover &#8220;una campa\u00f1a permanente&#8221; para movilizar a sus bases. EFE<\/p>\n\n\n\n<p>csr\/mqb\/rrt<\/p>\n\n\n\n<p>(foto)<\/p>\n","protected":false},"excerpt":{"rendered":"<p>El presidente de M\u00e9xico, Andr\u00e9s Manuel L\u00f3pez Obrador, defendi\u00f3 este lunes a su secretario de Gobernaci\u00f3n, Ad\u00e1n Augusto L\u00f3pez, quien fue se\u00f1alado este fin de semana por violar la veda electoral al promover la consulta de revocaci\u00f3n de mandato. \u201c(Ad\u00e1n Augusto) est\u00e1 visitando los estados para cumplir con su responsabilidad no para promover la consulta, [&hellip;]<\/p>\n","protected":false},"author":80,"featured_media":209966,"comment_status":"closed","ping_status":"closed","sticky":false,"template":"","format":"standard","meta":{"footnotes":""},"categories":[15,36],"tags":[144],"class_list":["post-209965","post","type-post","status-publish","format-standard","has-post-thumbnail","hentry","category-destacadas","category-nacion","tag-amlo"],"_links":{"self":[{"href":"https:\/\/plazajuarez.mx\/historico\/wp-json\/wp\/v2\/posts\/209965","targetHints":{"allow":["GET"]}}],"collection":[{"href":"https:\/\/plazajuarez.mx\/historico\/wp-json\/wp\/v2\/posts"}],"about":[{"href":"https:\/\/plazajuarez.mx\/historico\/wp-json\/wp\/v2\/types\/post"}],"author":[{"embeddable":true,"href":"https:\/\/plazajuarez.mx\/historico\/wp-json\/wp\/v2\/users\/80"}],"replies":[{"embeddable":true,"href":"https:\/\/plazajuarez.mx\/historico\/wp-json\/wp\/v2\/comments?post=209965"}],"version-history":[{"count":0,"href":"https:\/\/plazajuarez.mx\/historico\/wp-json\/wp\/v2\/posts\/209965\/revisions"}],"wp:featuredmedia":[{"embeddable":true,"href":"https:\/\/plazajuarez.mx\/historico\/wp-json\/wp\/v2\/media\/209966"}],"wp:attachment":[{"href":"https:\/\/plazajuarez.mx\/historico\/wp-json\/wp\/v2\/media?parent=209965"}],"wp:term":[{"taxonomy":"category","embeddable":true,"href":"https:\/\/plazajuarez.mx\/historico\/wp-json\/wp\/v2\/categories?post=209965"},{"taxonomy":"post_tag","embeddable":true,"href":"https:\/\/plazajuarez.mx\/historico\/wp-json\/wp\/v2\/tags?post=209965"}],"curies":[{"name":"wp","href":"https:\/\/api.w.org\/{rel}","templated":true}]}}