{"id":209950,"date":"2022-04-04T08:56:43","date_gmt":"2022-04-04T13:56:43","guid":{"rendered":"https:\/\/plazajuarez.mx\/?p=209950"},"modified":"2022-04-04T08:56:58","modified_gmt":"2022-04-04T13:56:58","slug":"que-los-de-hidalgo-nunca-cambien","status":"publish","type":"post","link":"https:\/\/plazajuarez.mx\/historico\/que-los-de-hidalgo-nunca-cambien\/","title":{"rendered":"\u201cQue los de Hidalgo nunca cambien\u201d\u00a0"},"content":{"rendered":"\n<h2 class=\"wp-block-heading\">PULSO DEL MEZQUITAL\u00a0<\/h2>\n\n\n\n<p>No saben c\u00f3mo le agradece uno al cielo que los usos y costumbres en Hidalgo sigan m\u00e1s que vigentes y que la ola progre se ha diluido, aquella impulsada por esos resentidazos sociales de siempre que fundaron Morena, los que sudaron la gota gorda, esos a los que m\u00e1s de un perro correte\u00f3 promoviendo la democracia, la transformaci\u00f3n y la justicia social.&nbsp;<\/p>\n\n\n\n<p>Uno se deprim\u00eda pensando que nuestro futuro ser\u00eda as\u00ed, sin chiste y con el buche lleno de piedritas, pero por fortuna vinieron los de siempre a demostrarnos que la vida es un carnaval. Por lo menos eso vimos en Huejutla, en el arranque de campa\u00f1a del candidato al gobierno de Hidalgo, Julio Menchaca, donde los \u201cl\u00edderes\u201d y dirigentes, estuvieron preocupados y ocupados en demostrar qui\u00e9n tra\u00eda la banda m\u00e1s ruidosa y la porra m\u00e1s nutrida, nom\u00e1s para que el candidato se diera un quem\u00f3n de qu\u00e9 lado masca la iguana.&nbsp;<\/p>\n\n\n\n<p>Gracias al cielo, los fundadores de Morena han quedado en el cuarto de servicio de la memoria, mientras que los espacios que pelearon para ellos, son y ser\u00e1n ocupados por aquellos que no buscan que les den, sino que los pongan donde hay. Obviamente, los resentidazos sociales, esos que simplemente no toleran que la gente se supere, consideran a estos casos, como arribistas y busca chambas, ese tipo de seres vivos que abandonan el barco antes de hundirse para brincar a otro, a recoger las migajas que les caigan y con eso garantizar que tendr\u00e1n vida otros seis a\u00f1os, en lo que a ver c\u00f3mo les va y si no, repetir la historia cuando se venga el cambio de gobierno.&nbsp;<\/p>\n\n\n\n<p>Hubo alg\u00fan tiempo, para que sepan las nuevas generaciones y aquellos que a la fidelidad solo la conocen en los equipos de sonido, sabr\u00e1n, que cuando alguien ol\u00eda a le\u00f1a de otro hogar, se le colocaba hasta la cola en la fila y todos lo miraban con desprecio o indiferencia. Para hacerse merecedores de alguna muestra de aprecio, deb\u00edan pagar el derecho de piso.&nbsp;<\/p>\n\n\n\n<p>Y es que la chairiza de a pie, esos que se quedaron como el chinito, nom\u00e1s milando, esperando su invitaci\u00f3n que nunca les lleg\u00f3 a su buz\u00f3n y los que s\u00ed fueron, ocuparon su distinguido lugar, atr\u00e1s de la reja. Estuvieron mejor los priistas, que arrancaron campa\u00f1a pr\u00e1cticamente de madrugada, sus horas favoritas, aquellas que cuando todo mundo duerme, ellos salen a hacer de las suyas, as\u00ed que si usted la da miedo andar de noche, es mejor que no salga o un prianista podr\u00eda abordarlo y obvio que eso pone la piel chinita nom\u00e1s de pensarlo.&nbsp;<\/p>\n\n\n\n<p>Carolina Viggiano, arranc\u00f3 campa\u00f1a, arropada por quienes en otros ayeres eran sus archienemigos, los panistas y perredistas, donde adem\u00e1s salieron a tirar polilla aquellos que han tenido en desgracia a nuestro estado en los \u00faltimos casi 100 a\u00f1os, que de verlos de nuevo en el gobierno, deber\u00edamos inventariarlos y llevarlos a un museo como en Guanajuato.&nbsp;<\/p>\n\n\n\n<p>Donde s\u00ed fue un poco triste, acongojante y casi, casi deprimente, es el candidato de Movimiento Ciudadano, Francisco Xavier, que tambi\u00e9n arranc\u00f3 campa\u00f1a de noche, que de no ser por el mariachi que lo acompa\u00f1\u00f3, eso hubiera estado hecho una desgracia. Como el caso del candidato del Verde, Jos\u00e9 Luis Lima Morales, que dio comienzo en Alfajayucan, que de no ser por el mejor chicharr\u00f3n de res que hay en ese municipio, ni ganas daban de ir a verlo.&nbsp;&nbsp;<\/p>\n\n\n\n<p><strong>En corto:<\/strong><\/p>\n\n\n\n<ul class=\"wp-block-list\"><li>En Ixmiquilpan, dos funcionarios m\u00e1s dejaron sus cargos, el secretario de desarrollo social y la directora de turismo, que se incorporaron a labores de campa\u00f1a. El fin de semana, tambi\u00e9n renunci\u00f3 el secretario municipal, se argumentaron cuestiones personales.<\/li><\/ul>\n\n\n\n<p><strong>S\u00edganme en Twitter<\/strong><\/p>\n\n\n\n<p>@MarkoCabanas<\/p>\n","protected":false},"excerpt":{"rendered":"<p>PULSO DEL MEZQUITAL\u00a0 No saben c\u00f3mo le agradece uno al cielo que los usos y costumbres en Hidalgo sigan m\u00e1s que vigentes y que la ola progre se ha diluido, aquella impulsada por esos resentidazos sociales de siempre que fundaron Morena, los que sudaron la gota gorda, esos a los que m\u00e1s de un perro [&hellip;]<\/p>\n","protected":false},"author":75,"featured_media":209161,"comment_status":"closed","ping_status":"closed","sticky":false,"template":"","format":"standard","meta":{"footnotes":""},"categories":[87,42,40],"tags":[],"class_list":["post-209950","post","type-post","status-publish","format-standard","has-post-thumbnail","hentry","category-marco-cabanas","category-nuestrapalabra","category-region"],"_links":{"self":[{"href":"https:\/\/plazajuarez.mx\/historico\/wp-json\/wp\/v2\/posts\/209950","targetHints":{"allow":["GET"]}}],"collection":[{"href":"https:\/\/plazajuarez.mx\/historico\/wp-json\/wp\/v2\/posts"}],"about":[{"href":"https:\/\/plazajuarez.mx\/historico\/wp-json\/wp\/v2\/types\/post"}],"author":[{"embeddable":true,"href":"https:\/\/plazajuarez.mx\/historico\/wp-json\/wp\/v2\/users\/75"}],"replies":[{"embeddable":true,"href":"https:\/\/plazajuarez.mx\/historico\/wp-json\/wp\/v2\/comments?post=209950"}],"version-history":[{"count":0,"href":"https:\/\/plazajuarez.mx\/historico\/wp-json\/wp\/v2\/posts\/209950\/revisions"}],"wp:featuredmedia":[{"embeddable":true,"href":"https:\/\/plazajuarez.mx\/historico\/wp-json\/wp\/v2\/media\/209161"}],"wp:attachment":[{"href":"https:\/\/plazajuarez.mx\/historico\/wp-json\/wp\/v2\/media?parent=209950"}],"wp:term":[{"taxonomy":"category","embeddable":true,"href":"https:\/\/plazajuarez.mx\/historico\/wp-json\/wp\/v2\/categories?post=209950"},{"taxonomy":"post_tag","embeddable":true,"href":"https:\/\/plazajuarez.mx\/historico\/wp-json\/wp\/v2\/tags?post=209950"}],"curies":[{"name":"wp","href":"https:\/\/api.w.org\/{rel}","templated":true}]}}