{"id":209944,"date":"2022-04-04T08:54:02","date_gmt":"2022-04-04T13:54:02","guid":{"rendered":"https:\/\/plazajuarez.mx\/?p=209944"},"modified":"2022-04-04T08:54:13","modified_gmt":"2022-04-04T13:54:13","slug":"le-ira-bien-a-hidalgo-en-temporada-alta-javier-banos","status":"publish","type":"post","link":"https:\/\/plazajuarez.mx\/historico\/le-ira-bien-a-hidalgo-en-temporada-alta-javier-banos\/","title":{"rendered":"Le ir\u00e1 bien a Hidalgo en temporada alta: Javier Ba\u00f1os\u00a0\u00a0"},"content":{"rendered":"\n<p><strong>VALLE DEL MEZQUITAL<\/strong>.- Para el Secretario de Turismo de Hidalgo, Javier Ba\u00f1os G\u00f3mez, al estado de Hidalgo le ir\u00e1 bien en esta temporada alta, independientemente a la cantidad de visitantes y derrama econ\u00f3mica que llegue a la entidad.\u00a0<\/p>\n\n\n\n<p>Explic\u00f3, que despu\u00e9s de dos a\u00f1os de pandemia, lo que se obtenga en materia de turismo, es bueno para el estado, puesto que apenas se comienzan a retomar las actividades que fueron suspendidas a consecuencia de la pandemia.&nbsp;<\/p>\n\n\n\n<p>Aunque no se tiene una proyecci\u00f3n respecto al n\u00famero de visitantes, reconoci\u00f3, que en comparaci\u00f3n con a\u00f1os anteriores, s\u00ed se espera una reducci\u00f3n, lo cual es resultado a\u00fan de la crisis sanitaria que se vive en el pa\u00eds.&nbsp;<\/p>\n\n\n\n<p>En este mismo sentido, celebr\u00f3 que festivales como el de Santiago de Anaya, se est\u00e1n retomando a pesar de que a\u00fan existen algunas restricciones sanitarias que impiden el retorno a la normalidad al 100 por ciento.&nbsp;<\/p>\n","protected":false},"excerpt":{"rendered":"<p>VALLE DEL MEZQUITAL.- Para el Secretario de Turismo de Hidalgo, Javier Ba\u00f1os G\u00f3mez, al estado de Hidalgo le ir\u00e1 bien en esta temporada alta, independientemente a la cantidad de visitantes y derrama econ\u00f3mica que llegue a la entidad.\u00a0 Explic\u00f3, que despu\u00e9s de dos a\u00f1os de pandemia, lo que se obtenga en materia de turismo, es [&hellip;]<\/p>\n","protected":false},"author":75,"featured_media":209945,"comment_status":"closed","ping_status":"closed","sticky":false,"template":"","format":"standard","meta":{"footnotes":""},"categories":[2159,40],"tags":[],"class_list":["post-209944","post","type-post","status-publish","format-standard","has-post-thumbnail","hentry","category-noticias-de-hidalgo","category-region"],"_links":{"self":[{"href":"https:\/\/plazajuarez.mx\/historico\/wp-json\/wp\/v2\/posts\/209944","targetHints":{"allow":["GET"]}}],"collection":[{"href":"https:\/\/plazajuarez.mx\/historico\/wp-json\/wp\/v2\/posts"}],"about":[{"href":"https:\/\/plazajuarez.mx\/historico\/wp-json\/wp\/v2\/types\/post"}],"author":[{"embeddable":true,"href":"https:\/\/plazajuarez.mx\/historico\/wp-json\/wp\/v2\/users\/75"}],"replies":[{"embeddable":true,"href":"https:\/\/plazajuarez.mx\/historico\/wp-json\/wp\/v2\/comments?post=209944"}],"version-history":[{"count":0,"href":"https:\/\/plazajuarez.mx\/historico\/wp-json\/wp\/v2\/posts\/209944\/revisions"}],"wp:featuredmedia":[{"embeddable":true,"href":"https:\/\/plazajuarez.mx\/historico\/wp-json\/wp\/v2\/media\/209945"}],"wp:attachment":[{"href":"https:\/\/plazajuarez.mx\/historico\/wp-json\/wp\/v2\/media?parent=209944"}],"wp:term":[{"taxonomy":"category","embeddable":true,"href":"https:\/\/plazajuarez.mx\/historico\/wp-json\/wp\/v2\/categories?post=209944"},{"taxonomy":"post_tag","embeddable":true,"href":"https:\/\/plazajuarez.mx\/historico\/wp-json\/wp\/v2\/tags?post=209944"}],"curies":[{"name":"wp","href":"https:\/\/api.w.org\/{rel}","templated":true}]}}